{"id":5124,"date":"2021-10-25T19:37:42","date_gmt":"2021-10-25T19:37:42","guid":{"rendered":"https:\/\/anatem.info\/?p=5124"},"modified":"2021-10-25T19:37:42","modified_gmt":"2021-10-25T19:37:42","slug":"sahara-marocain-la-tpf-denonce-des-fake-news-circulant-en-son-nom-sur-les-reseaux-sociaux","status":"publish","type":"post","link":"https:\/\/anatem.info\/?p=5124","title":{"rendered":"Sahara Marocain : la TPF d\u00e9nonce des Fake-News circulant en son nom sur les r\u00e9seaux sociaux"},"content":{"rendered":"\n<div class=\"wp-block-image\"><figure class=\"alignleft size-full is-resized\"><a href=\"https:\/\/anatem.info\/wp-content\/uploads\/2021\/10\/Faux_communique.png\"><img decoding=\"async\" src=\"https:\/\/anatem.info\/wp-content\/uploads\/2021\/10\/Faux_communique.png\" alt=\"\" class=\"wp-image-5125\" width=\"-224\" height=\"-209\" srcset=\"https:\/\/anatem.info\/wp-content\/uploads\/2021\/10\/Faux_communique.png 660w, https:\/\/anatem.info\/wp-content\/uploads\/2021\/10\/Faux_communique-300x280.png 300w, https:\/\/anatem.info\/wp-content\/uploads\/2021\/10\/Faux_communique-150x140.png 150w, https:\/\/anatem.info\/wp-content\/uploads\/2021\/10\/Faux_communique-160x150.png 160w\" sizes=\"(max-width: 660px) 100vw, 660px\" \/><\/a><\/figure><\/div>\n\n\n\n<p>Suite \u00e0 la diffusion d&rsquo;un faux document sur les m\u00e9dias sociaux (Image \u00e0 gauche),  M. Sadiki Godigodi, Pr\u00e9sident de la \u00ab\u00a0Tanzania Peace Foundation\u00a0\u00bb (TPF) , d\u00e9ment formellement, dans un communiqu\u00e9 en date du 23 octobre 2021, aussi bien le contenu de ce document que la v\u00e9racit\u00e9 de la signature et du tampon y figurant.<\/p>\n\n\n\n<p>M. Sadiki rappela la participation positive de la d\u00e9l\u00e9gation de la TPF \u00e0 la conf\u00e9rence intitul\u00e9e \u00ab<em> L\u2019imp\u00e9ratif de l\u2019apr\u00e8s-Covid : comment le r\u00e8glement de la question du Sahara peut-il stimuler la stabilit\u00e9 et l\u2019int\u00e9gration de l\u2019Afrique ? <\/em>\u00bb et tenue le samedi 16 octobre 2021 au Hyatt Kilimanjaro \u00e0 Dar Es-Salaam (Tanzanie) Il insista sur le s\u00e9rieux de la TPF quant au respect de toutes les conclusions et recommandations formul\u00e9es lors de la conf\u00e9rence susmentionn\u00e9e; organis\u00e9e conjointement par l'\u00a0\u00bbInstitute of Peace and Conflict Studies\u00a0\u00bb (IPCS) et la TPF; deux  think-Thanks de la Tanzanie.<\/p>\n\n\n\n<p>M. Sadiki r\u00e9affirme aussi l&rsquo;attachement de la TPF non seulement aux recommandations de la conf\u00e9rence mais aussi \u00e0 sa d\u00e9claration finale publi\u00e9e le 16 octobre 202I par les deux think-Thanks tanzaniens \u00e0 la fin de la conf\u00e9rence.<\/p>\n\n\n\n<p>Et M. Sadiki de conclure que toute autre d\u00e9claration sortant du cadre soulign\u00e9 ci-dessus, et v\u00e9hicul\u00e9e par les r\u00e9seaux sociaux, doit \u00eatre consid\u00e9r\u00e9e comme Fake-News et n\u2019exprime nullement la position de la TPF quant \u00e0 la question du Sahara.<\/p>\n\n\n\n<p><strong><em>Source : Communiqu\u00e9 de la TPF (Voir original ci-dessous)<\/em><\/strong><\/p>\n\n\n\n<figure class=\"wp-block-image size-full\"><a href=\"https:\/\/anatem.info\/wp-content\/uploads\/2021\/10\/communique_tpf.png\"><img fetchpriority=\"high\" decoding=\"async\" width=\"623\" height=\"842\" src=\"https:\/\/anatem.info\/wp-content\/uploads\/2021\/10\/communique_tpf.png\" alt=\"\" class=\"wp-image-5126\" srcset=\"https:\/\/anatem.info\/wp-content\/uploads\/2021\/10\/communique_tpf.png 623w, https:\/\/anatem.info\/wp-content\/uploads\/2021\/10\/communique_tpf-222x300.png 222w, https:\/\/anatem.info\/wp-content\/uploads\/2021\/10\/communique_tpf-111x150.png 111w\" sizes=\"(max-width: 623px) 100vw, 623px\" \/><\/a><\/figure>\n","protected":false},"excerpt":{"rendered":"<p>Suite \u00e0 la diffusion d&rsquo;un faux document sur les m\u00e9dias sociaux (Image \u00e0 gauche), M. Sadiki Godigodi, Pr\u00e9sident de la<\/p>\n","protected":false},"author":2,"featured_media":5125,"comment_status":"closed","ping_status":"closed","sticky":false,"template":"","format":"standard","meta":{"footnotes":""},"categories":[3,62,5,7,8],"tags":[],"class_list":["post-5124","post","type-post","status-publish","format-standard","has-post-thumbnail","hentry","category-accueil","category-afrique","category-maghreb-news","category-presse-marocaine","category-provinces-du-sud"],"_links":{"self":[{"href":"https:\/\/anatem.info\/index.php?rest_route=\/wp\/v2\/posts\/5124","targetHints":{"allow":["GET"]}}],"collection":[{"href":"https:\/\/anatem.info\/index.php?rest_route=\/wp\/v2\/posts"}],"about":[{"href":"https:\/\/anatem.info\/index.php?rest_route=\/wp\/v2\/types\/post"}],"author":[{"embeddable":true,"href":"https:\/\/anatem.info\/index.php?rest_route=\/wp\/v2\/users\/2"}],"replies":[{"embeddable":true,"href":"https:\/\/anatem.info\/index.php?rest_route=%2Fwp%2Fv2%2Fcomments&post=5124"}],"version-history":[{"count":1,"href":"https:\/\/anatem.info\/index.php?rest_route=\/wp\/v2\/posts\/5124\/revisions"}],"predecessor-version":[{"id":5127,"href":"https:\/\/anatem.info\/index.php?rest_route=\/wp\/v2\/posts\/5124\/revisions\/5127"}],"wp:featuredmedia":[{"embeddable":true,"href":"https:\/\/anatem.info\/index.php?rest_route=\/wp\/v2\/media\/5125"}],"wp:attachment":[{"href":"https:\/\/anatem.info\/index.php?rest_route=%2Fwp%2Fv2%2Fmedia&parent=5124"}],"wp:term":[{"taxonomy":"category","embeddable":true,"href":"https:\/\/anatem.info\/index.php?rest_route=%2Fwp%2Fv2%2Fcategories&post=5124"},{"taxonomy":"post_tag","embeddable":true,"href":"https:\/\/anatem.info\/index.php?rest_route=%2Fwp%2Fv2%2Ftags&post=5124"}],"curies":[{"name":"wp","href":"https:\/\/api.w.org\/{rel}","templated":true}]}}