{"id":6473,"date":"2024-04-24T07:02:22","date_gmt":"2024-04-24T12:02:22","guid":{"rendered":"https:\/\/anatem.info\/?p=6473"},"modified":"2024-04-24T07:03:14","modified_gmt":"2024-04-24T12:03:14","slug":"les-soutiens-a-lintegrite-territoriale-du-royaume-du-maroc-continuent-daffluer-de-tous-les-continents","status":"publish","type":"post","link":"https:\/\/anatem.info\/?p=6473","title":{"rendered":"Les Soutiens \u00e0 l&rsquo;int\u00e9grit\u00e9 territoriale du Royaume du Maroc  continuent d&rsquo;affluer de tous les continents"},"content":{"rendered":"\n<p>Les Soutiens \u00e0 l&rsquo;int\u00e9grit\u00e9 territoriale du Maroc ainsi qu&rsquo;\u00e0 l\u2019Initiative marocaine d\u2019autonomie (comme \u00ab\u00a0seule solution cr\u00e9dible, s\u00e9rieuse et r\u00e9aliste\u201d au diff\u00e9rend autour du Sahara marocain), continuent d&rsquo;affluer de tous les continents.<\/p>\n\n\n\n<p>En effet, et selon un communiqu\u00e9 de la MAP datant du 23 avril 2024, la R\u00e9publique de la Sierra Leone a exprim\u00e9 , \u00e0 Rabat, son plein soutien \u00e0 l\u2019int\u00e9grit\u00e9 territoriale du Royaume, tout en consid\u00e9rant l\u2019Initiative marocaine d\u2019autonomie comme la seule solution \u201ccr\u00e9dible, s\u00e9rieuse et r\u00e9aliste\u201d au diff\u00e9rend autour du Sahara marocain.<\/p>\n\n\n\n<p>Cette position a \u00e9t\u00e9 exprim\u00e9e dans un Communiqu\u00e9 conjoint publi\u00e9 \u00e0 l\u2019issue des entretiens entre le ministre des Affaires \u00e9trang\u00e8res, de la Coop\u00e9ration africaine et des Marocains r\u00e9sidant \u00e0 l\u2019\u00e9tranger, Nasser Bourita, et le ministre des Affaires \u00e9trang\u00e8res et de la Coop\u00e9ration internationale Sierra-L\u00e9onais, Timothy Musa Kabba.<\/p>\n\n\n\n<p>Dans Ce communiqu\u00e9 conjoint, le chef de la diplomatie sierra-l\u00e9onaise a r\u00e9it\u00e9r\u00e9 le soutien ferme de son pays \u00e0 l\u2019int\u00e9grit\u00e9 territoriale du Royaume, qui a \u00e9t\u00e9 confort\u00e9 par l\u2019ouverture, en ao\u00fbt 2021, d\u2019un Consulat g\u00e9n\u00e9ral de la Sierra Leone \u00e0 Dakhla et sa participation, le 15 janvier 2021, \u00e0 la Conf\u00e9rence minist\u00e9rielle de soutien \u00e0 l\u2019initiative d\u2019autonomie sous la souverainet\u00e9 du Maroc, \u00e0 l\u2019invitation du Royaume et des Etats-Unis d\u2019Am\u00e9rique.<\/p>\n\n\n\n<p>Il a, dans ce sens, exprim\u00e9 son plein appui au processus men\u00e9 par les Nations Unies pour parvenir \u00e0 une solution r\u00e9aliste, pratique et durable \u00e0 la question du Sahara marocain.<\/p>\n\n\n\n<p>Un jour auparavant (soit le 22 avril 2024), un autre communiqu\u00e9 de la MAP fait part de la position du Commonwealth de la Dominique , r\u00e9affirmant, \u00e0 Rabat, son soutien \u00e0 l\u2019int\u00e9grit\u00e9 territoriale et \u00e0 la souverainet\u00e9 du Royaume du Maroc sur l\u2019ensemble de son territoire, y compris le Sahara marocain.<\/p>\n\n\n\n<p>Cette position a \u00e9t\u00e9 exprim\u00e9e dans un Communiqu\u00e9 conjoint publi\u00e9 \u00e0 l\u2019issue d\u2019entretiens entre le ministre des Affaires \u00e9trang\u00e8res, de la Coop\u00e9ration africaine et des Marocains r\u00e9sidant \u00e0 l\u2019\u00e9tranger, Nasser Bourita, et le ministre des Affaires \u00e9trang\u00e8res, des Affaires internationales, du Commerce et de l\u2019Energie du Commonwealth de la Dominique, Vince Henderson.<\/p>\n\n\n\n<p>Dans ce Communiqu\u00e9 conjoint, M. Henderson a r\u00e9it\u00e9r\u00e9 le soutien de son pays \u00e0 l\u2019initiative d\u2019autonomie, pr\u00e9sent\u00e9e par le Royaume en 2007, comme la seule solution cr\u00e9dible, s\u00e9rieuse et r\u00e9aliste pour la r\u00e9solution du diff\u00e9rend autour du Sahara marocain.<\/p>\n\n\n\n<p>A cet \u00e9gard, il a salu\u00e9 les efforts des Nations Unies en tant que cadre exclusif pour parvenir \u00e0 une solution r\u00e9aliste, pratique et durable \u00e0 ce diff\u00e9rend r\u00e9gional.<\/p>\n\n\n\n<p>En tant que membre de l\u2019Organisation des ?tats de la Cara\u00efbe orientale (OECO), le Commonwealth de la Dominique a salu\u00e9 l\u2019ouverture d\u2019une Ambassade de l\u2019OECO \u00e0 Rabat (18 octobre 2018) et d\u2019un Consulat g\u00e9n\u00e9ral \u00e0 Dakhla (31 mars 2022), qui repr\u00e9sentera certainement une grande opportunit\u00e9 pour consolider davantage les \u00e9changes bilat\u00e9raux entre le Royaume du Maroc et les six ?tats de la Cara\u00efbe orientale, souligne le Communiqu\u00e9.<\/p>\n","protected":false},"excerpt":{"rendered":"<p>Les Soutiens \u00e0 l&rsquo;int\u00e9grit\u00e9 territoriale du Maroc ainsi qu&rsquo;\u00e0 l\u2019Initiative marocaine d\u2019autonomie (comme \u00ab\u00a0seule solution cr\u00e9dible, s\u00e9rieuse et r\u00e9aliste\u201d au<\/p>\n","protected":false},"author":2,"featured_media":4645,"comment_status":"closed","ping_status":"closed","sticky":false,"template":"","format":"standard","meta":{"footnotes":""},"categories":[3,62,8],"tags":[],"class_list":["post-6473","post","type-post","status-publish","format-standard","has-post-thumbnail","hentry","category-accueil","category-afrique","category-provinces-du-sud"],"_links":{"self":[{"href":"https:\/\/anatem.info\/index.php?rest_route=\/wp\/v2\/posts\/6473","targetHints":{"allow":["GET"]}}],"collection":[{"href":"https:\/\/anatem.info\/index.php?rest_route=\/wp\/v2\/posts"}],"about":[{"href":"https:\/\/anatem.info\/index.php?rest_route=\/wp\/v2\/types\/post"}],"author":[{"embeddable":true,"href":"https:\/\/anatem.info\/index.php?rest_route=\/wp\/v2\/users\/2"}],"replies":[{"embeddable":true,"href":"https:\/\/anatem.info\/index.php?rest_route=%2Fwp%2Fv2%2Fcomments&post=6473"}],"version-history":[{"count":3,"href":"https:\/\/anatem.info\/index.php?rest_route=\/wp\/v2\/posts\/6473\/revisions"}],"predecessor-version":[{"id":6476,"href":"https:\/\/anatem.info\/index.php?rest_route=\/wp\/v2\/posts\/6473\/revisions\/6476"}],"wp:featuredmedia":[{"embeddable":true,"href":"https:\/\/anatem.info\/index.php?rest_route=\/wp\/v2\/media\/4645"}],"wp:attachment":[{"href":"https:\/\/anatem.info\/index.php?rest_route=%2Fwp%2Fv2%2Fmedia&parent=6473"}],"wp:term":[{"taxonomy":"category","embeddable":true,"href":"https:\/\/anatem.info\/index.php?rest_route=%2Fwp%2Fv2%2Fcategories&post=6473"},{"taxonomy":"post_tag","embeddable":true,"href":"https:\/\/anatem.info\/index.php?rest_route=%2Fwp%2Fv2%2Ftags&post=6473"}],"curies":[{"name":"wp","href":"https:\/\/api.w.org\/{rel}","templated":true}]}}