{"id":6487,"date":"2024-05-04T19:05:08","date_gmt":"2024-05-05T00:05:08","guid":{"rendered":"https:\/\/anatem.info\/?p=6487"},"modified":"2024-05-04T19:05:08","modified_gmt":"2024-05-05T00:05:08","slug":"15e-sommet-de-loci-sm-le-roi-reitere-avec-insistance-la-demande-dun-arret-immediat-durable-et-global-de-lagression-contre-gaza","status":"publish","type":"post","link":"https:\/\/anatem.info\/?p=6487","title":{"rendered":"15\u00e8 Sommet de l\u2019OCI : SM le Roi r\u00e9it\u00e8re avec insistance la demande d\u2019un arr\u00eat imm\u00e9diat, durable et global de l\u2019agression contre Gaza"},"content":{"rendered":"\n<p>Banjul , le 4 mai 2024 (MAP)\u2013 En Sa qualit\u00e9 de Pr\u00e9sident du Comit\u00e9 Al-Qods, Sa Majest\u00e9 le Roi Mohammed VI a r\u00e9it\u00e9r\u00e9 avec insistance la demande d\u2019un arr\u00eat imm\u00e9diat, durable et global de l\u2019offensive in\u00e9dite men\u00e9e contre la bande de Gaza, ainsi que de l\u2019autorisation de l\u2019acheminement des aides humanitaires dans l\u2019ensemble de ce territoire palestinien.<\/p>\n\n\n\n<p>\u201cPartant de Nos responsabilit\u00e9s de Souverain du Royaume du Maroc \u2013 dont le peuple aspire ardemment, \u00e0 la justice, \u00e0 la solidarit\u00e9 et \u00e0 la coexistence avec les autres peuples \u2013 et en Notre qualit\u00e9 de Pr\u00e9sident du Comit\u00e9 Al-Qods, Nous r\u00e9it\u00e9rons avec insistance, Notre demande d\u2019un arr\u00eat imm\u00e9diat, durable et global de cette offensive in\u00e9dite, ainsi que l\u2019autorisation de l\u2019acheminement des aides humanitaires dans l\u2019ensemble de la bande de Gaza\u201d, a soulign\u00e9 SM le Roi dans un discours adress\u00e9 \u00e0 la 15\u00e8me Conf\u00e9rence au Sommet de l\u2019Organisation de la Coop\u00e9ration Islamique (OCI) qui se tient les 4 et 5 mai \u00e0 Banjul, en R\u00e9publique de Gambie.<\/p>\n\n\n\n<p>\u201cFace \u00e0 l\u2019agression brutale contre Gaza, nos c\u0153urs meurtris saignent\u201d, dit en substance le Souverain dans ce Discours, dont lecture a \u00e9t\u00e9 donn\u00e9e par le ministre des Habous et des Affaires islamiques, Ahmed Toufiq, lors de la c\u00e9r\u00e9monie d\u2019ouverture solennelle du Sommet islamique, notant que le vaillant peuple palestinien se trouve confront\u00e9 \u00e0 une situation d\u2019une extr\u00eame gravit\u00e9 qui constitue un affront pour toute l\u2019Humanit\u00e9.<\/p>\n\n\n\n<p>\u201cCette conjoncture tendue est exacerb\u00e9e par une recrudescence des attaques syst\u00e9matiques de la part de colons extr\u00e9mistes en Cisjordanie, \u00e0 l\u2019instigation de responsables du gouvernement isra\u00e9lien\u201d, affirme Sa Majest\u00e9 le Roi, appelant \u00e0 ce que soit mis fin \u00e0 tout acte de provocation susceptible de raviver le conflit, ainsi qu\u2019\u00e0 une cessation des mesures ill\u00e9gales prises unilat\u00e9ralement par Isra\u00ebl dans les territoires palestiniens occup\u00e9s, y compris Al-Qods Acharif et la Sainte Mosqu\u00e9e Al-Aqsa.<\/p>\n\n\n\n<p>\u201cCes pratiques visent \u00e0 alt\u00e9rer le statut juridique ainsi que le cachet civilisationnel de la Ville sainte\u201d, avertit le Souverain, exprimant \u00e0 nouveau Son \u201crejet cat\u00e9gorique de toutes les formes de d\u00e9placement forc\u00e9, de punition collective et des actes de repr\u00e9sailles dirig\u00e9s contre nos fr\u00e8res palestiniens\u201d.<\/p>\n\n\n\n<p>A cet \u00e9gard, SM le Roi invite les Etats influant sur le processus de r\u00e8glement de ce conflit \u00e0 assumer leur responsabilit\u00e9 historique et \u00e0 faire preuve de bon sens, en s\u2019employant activement \u00e0 mettre un terme \u00e0 cette situation catastrophique pour sortir la r\u00e9gion du cycle de la violence et pour que cesse la politique d\u2019exclusion et du fait accompli.<\/p>\n\n\n\n<p>\u201cNous les exhortons \u00e0 \u0153uvrer \u00e0 la cr\u00e9ation des conditions favorables pour relancer un v\u00e9ritable processus de paix, d\u00e9bouchant sur la solution \u00e0 deux ?tats convenue au niveau international\u201d, insiste le Souverain.<\/p>\n\n\n\n<p>Sa Majest\u00e9 le Roi n\u2019a pas manqu\u00e9 aussi de rappeler qu\u2019en Sa qualit\u00e9 de Pr\u00e9sident du Comit\u00e9 Al-Qods, et pour faire face \u00e0 la catastrophe humanitaire sans pr\u00e9c\u00e9dent dans le monde contemporain caus\u00e9e par l\u2019agression contre Gaza, avoir pris l\u2019initiative de faire parvenir d\u2019importantes quantit\u00e9s d\u2019aides aux Palestiniens, directement \u00e0 Gaza et \u00e0 Al-Qods, et \u2013 en coordination avec les autorit\u00e9s \u00e9gyptiennes \u2013 via le point de passage de Rafah.<\/p>\n\n\n\n<p>\u201cNous \u00e9tions ainsi m\u00fb par le devoir de solidarit\u00e9 qui guide l\u2019action de notre Organisation ainsi que par la volont\u00e9 de contribuer aux efforts de secours et d\u2019assistance accomplis par les Etats fr\u00e8res et amis\u201d, a relev\u00e9 le Souverain, se f\u00e9licitant de l\u2019action men\u00e9e sur le terrain, en d\u00e9pit des difficult\u00e9s, par l\u2019Agence Bayt Mal Al-Qods afin de r\u00e9aliser des projets socio-\u00e9conomiques en faveur de la population maqdessi et en soutien \u00e0 certains h\u00f4pitaux.<\/p>\n\n\n\n<p>SM le Roi a, en outre, r\u00e9affirm\u00e9 que le discours sur l\u2019avenir de la bande de Gaza n\u2019est coh\u00e9rent que si cessent les hostilit\u00e9s et que si les souffrances du peuple palestinien sont soulag\u00e9es, faisant observer que cette bande, qui fait partie int\u00e9grante des territoires palestiniens unifi\u00e9s et constitue donc une affaire palestinienne, doit, selon la vision de la solution \u00e0 deux Etats et conform\u00e9ment aux r\u00e9solutions internationales pertinentes, vivre dans la paix et jouir de l\u2019ind\u00e9pendance.<\/p>\n\n\n\n<p>Pour le Souverain, la poursuite de la gestion du conflit isra\u00e9lo-palestinien sans parvenir \u00e0 une solution r\u00e9aliste et p\u00e9renne, a engendr\u00e9 de la frustration et an\u00e9anti tout espoir de paix.<\/p>\n\n\n\n<p>\u201cElle a aussi provoqu\u00e9 un encha\u00eenement de catastrophes d\u00e9vastatrices, avec leur lot de drames humanitaires dont les graves r\u00e9percussions affectent non seulement la stabilit\u00e9 et la paix au Proche-Orient mais aussi la s\u00e9curit\u00e9 internationale\u201d, a poursuivi Sa Majest\u00e9 le Roi.<\/p>\n\n\n\n<p>Le Souverain a saisi cette occasion pour exprimer sa vive pr\u00e9occupation face \u00e0 la mont\u00e9e des discours incitant \u00e0 la haine qui font de plus en plus de victimes, notant que ce fl\u00e9au, en alimentant le cercle de la violence et de l\u2019instabilit\u00e9, constitue une grave menace pour la paix et la s\u00e9curit\u00e9 dans de nombreuses r\u00e9gions du Monde.<\/p>\n\n\n\n<p>Sa Majest\u00e9 le Roi a, dans ce contexte, form\u00e9 le v\u0153u que la r\u00e9solution propos\u00e9e par le Maroc et adopt\u00e9e, \u00e0 l\u2019unanimit\u00e9, par l\u2019Assembl\u00e9e G\u00e9n\u00e9rale des Nations Unies, le 25 juillet 2023, au sujet de la \u201cLutte contre le discours de la haine : promotion du dialogue interreligieux, interculturel et de la tol\u00e9rance\u201d, permettra d\u2019op\u00e9rer un saut qualitatif en mati\u00e8re d\u2019actions de lutte contre le ph\u00e9nom\u00e8ne d\u2019extr\u00e9misme et les discours de haine.<\/p>\n\n\n\n<p>\u201cAujourd\u2019hui, Nous appelons de nouveau, \u00e0 la vigilance, \u00e0 la fermet\u00e9 et \u00e0 la coordination pour faire face \u00e0 ces abus pr\u00e9judiciables, avec la m\u00eame \u00e9nergie que nous attachons aux principes de dialogue interreligieux et interculturel, de tol\u00e9rance, d\u2019ouverture et de respect de l\u2019autre\u201d, a soulign\u00e9 Sa Majest\u00e9 le Roi.<\/p>\n\n\n\n<p>Le Souverain a \u00e9galement \u00e9voqu\u00e9 la situation dans certains pays islamiques tels que la Libye, le Mali, la Somalie, le Soudan et autres, qui font face \u00e0 des conflits, recommandant aux protagonistes le recours vertueux au dialogue et \u00e0 la r\u00e9conciliation qui permettront de mettre fin \u00e0 ces crises, dans le cadre de la pr\u00e9servation de la souverainet\u00e9 de ces pays fr\u00e8res et la d\u00e9fense de leur unit\u00e9 nationale et int\u00e9grit\u00e9 territoriale.<\/p>\n","protected":false},"excerpt":{"rendered":"<p>Banjul , le 4 mai 2024 (MAP)\u2013 En Sa qualit\u00e9 de Pr\u00e9sident du Comit\u00e9 Al-Qods, Sa Majest\u00e9 le Roi Mohammed<\/p>\n","protected":false},"author":2,"featured_media":5845,"comment_status":"closed","ping_status":"closed","sticky":false,"template":"","format":"standard","meta":{"footnotes":""},"categories":[3,62,5,7],"tags":[],"class_list":["post-6487","post","type-post","status-publish","format-standard","has-post-thumbnail","hentry","category-accueil","category-afrique","category-maghreb-news","category-presse-marocaine"],"_links":{"self":[{"href":"https:\/\/anatem.info\/index.php?rest_route=\/wp\/v2\/posts\/6487","targetHints":{"allow":["GET"]}}],"collection":[{"href":"https:\/\/anatem.info\/index.php?rest_route=\/wp\/v2\/posts"}],"about":[{"href":"https:\/\/anatem.info\/index.php?rest_route=\/wp\/v2\/types\/post"}],"author":[{"embeddable":true,"href":"https:\/\/anatem.info\/index.php?rest_route=\/wp\/v2\/users\/2"}],"replies":[{"embeddable":true,"href":"https:\/\/anatem.info\/index.php?rest_route=%2Fwp%2Fv2%2Fcomments&post=6487"}],"version-history":[{"count":1,"href":"https:\/\/anatem.info\/index.php?rest_route=\/wp\/v2\/posts\/6487\/revisions"}],"predecessor-version":[{"id":6488,"href":"https:\/\/anatem.info\/index.php?rest_route=\/wp\/v2\/posts\/6487\/revisions\/6488"}],"wp:featuredmedia":[{"embeddable":true,"href":"https:\/\/anatem.info\/index.php?rest_route=\/wp\/v2\/media\/5845"}],"wp:attachment":[{"href":"https:\/\/anatem.info\/index.php?rest_route=%2Fwp%2Fv2%2Fmedia&parent=6487"}],"wp:term":[{"taxonomy":"category","embeddable":true,"href":"https:\/\/anatem.info\/index.php?rest_route=%2Fwp%2Fv2%2Fcategories&post=6487"},{"taxonomy":"post_tag","embeddable":true,"href":"https:\/\/anatem.info\/index.php?rest_route=%2Fwp%2Fv2%2Ftags&post=6487"}],"curies":[{"name":"wp","href":"https:\/\/api.w.org\/{rel}","templated":true}]}}