{"id":658,"date":"2013-12-07T12:57:11","date_gmt":"2013-12-07T12:57:11","guid":{"rendered":"http:\/\/anatem.info\/?p=658"},"modified":"2013-12-07T12:57:11","modified_gmt":"2013-12-07T12:57:11","slug":"sm-le-roi-adresse-un-message-de-condoleances-et-de-compassion-au-president-de-lafrique-du-sud-suite-au-deces-de-nelson-mandela","status":"publish","type":"post","link":"https:\/\/anatem.info\/?p=658","title":{"rendered":"SM le Roi adresse un message de condol\u00e9ances et de compassion au pr\u00e9sident de l&rsquo;Afrique du Sud suite au d\u00e9c\u00e8s de Nelson Mandela"},"content":{"rendered":"<p align=\"JUSTIFY\"><span style=\"font-family: Times New Roman,serif;\"><span style=\"font-size: medium;\"><a href=\"http:\/\/anatem.info\/wp-content\/uploads\/2013\/12\/zuma.jpg\"><img fetchpriority=\"high\" decoding=\"async\" class=\"size-full wp-image-659 alignleft\" alt=\"zuma\" src=\"http:\/\/anatem.info\/wp-content\/uploads\/2013\/12\/zuma.jpg\" width=\"300\" height=\"168\" \/><\/a>Rabat, 06 d\u00e9c. 2013 (MAP) &#8211; SM le Roi Mohammed VI, que Dieu L&rsquo;Assiste, a adress\u00e9 un message de condol\u00e9ances et de compassion au pr\u00e9sident de la R\u00e9publique de l&rsquo;Afrique du Sud, M. Jacob Zuma, suite au d\u00e9c\u00e8s, jeudi soir, de Nelson Mandela \u00e0 l&rsquo;\u00e2ge de 95 ans.<\/span><\/span><\/p>\n<p align=\"JUSTIFY\"><span style=\"font-family: Times New Roman,serif;\"><span style=\"font-size: medium;\">Dans ce message, le Souverain dit avoir \u00ab\u00a0appris avec une profonde \u00e9motion la disparition du premier Pr\u00e9sident de l&rsquo;Afrique du Sud post-Apartheid, le regrett\u00e9 Nelson Rolihlahla Mandela, que Dieu l&rsquo;ait en Sa sainte mis\u00e9ricorde\u00a0\u00bb.<\/span><\/span><\/p>\n<p align=\"JUSTIFY\"><span style=\"font-family: Times New Roman,serif;\"><span style=\"font-size: medium;\">En cette douloureuse circonstance, SM le Roi adresse \u00e0 l&rsquo;ensemble du peuple sud-africain fr\u00e8re, Ses condol\u00e9ances les plus attrist\u00e9es et l&rsquo;expression de toute Sa compassion, implorant le Tout-puissant d&rsquo;accueillir le d\u00e9funt dans Son paradis \u00e9ternel.<\/span><\/span><\/p>\n<p align=\"JUSTIFY\"><span style=\"font-family: Times New Roman,serif;\"><span style=\"font-size: medium;\">Le Souverain tient \u00e9galement \u00e0 rendre hommage aux grandes qualit\u00e9s morales et au courage politique de ce chantre de la paix, dont l&rsquo;histoire retiendra le combat contre le racisme et la discrimination, ainsi que la lutte pour la construction d&rsquo;une Afrique du Sud nouvelle.<\/span><\/span><\/p>\n<p align=\"JUSTIFY\"><span style=\"font-family: Times New Roman,serif;\"><span style=\"font-size: medium;\">SM le Roi salue la m\u00e9moire d&rsquo;un homme d&rsquo;Etat hors pair, v\u00e9n\u00e9r\u00e9 par son peuple et unanimement respect\u00e9, \u00e0 travers le monde, pour son combat acharn\u00e9 contre les affres du s\u00e9gr\u00e9gationnisme et des in\u00e9galit\u00e9s sociales.<\/span><\/span><\/p>\n<p align=\"JUSTIFY\"><span style=\"font-family: Times New Roman,serif;\"><span style=\"font-size: medium;\">Le Souverain rappelle que \u00ab\u00a0le d\u00e9funt a d\u00e9velopp\u00e9 une relation toute particuli\u00e8re avec Mon pays qui l&rsquo;a soutenu, d\u00e8s la premi\u00e8re heure de sa lutte contre l&rsquo;Apartheid. Feu Mandela a, ainsi, effectu\u00e9 de longs s\u00e9jours au Maroc, au d\u00e9but des ann\u00e9es 60, au cours desquels le regrett\u00e9 a b\u00e9n\u00e9fici\u00e9 d&rsquo;un appui pionnier, politique et mat\u00e9riel \u00e0 son action\u00a0\u00bb.<\/span><\/span><\/p>\n<p align=\"JUSTIFY\"><span style=\"font-family: Times New Roman,serif;\"><span style=\"font-size: medium;\">SM le Roi rappelle \u00e9galement qu&rsquo; \u00ab\u00a0apr\u00e8s sa lib\u00e9ration, il a tenu, en novembre 1994, \u00e0 se rendre au Royaume afin de le remercier pour sa solidarit\u00e9, sans faille, avec le peuple sud-africain fr\u00e8re. A cette occasion, Feu Mon p\u00e8re, Sa Majest\u00e9 Hassan II, que Dieu L&rsquo;ait en Sa sainte mis\u00e9ricorde, l&rsquo;a honor\u00e9 de la plus haute distinction du Royaume, t\u00e9moignage de sa lutte exceptionnelle pour l&rsquo;\u00e9galit\u00e9 et la justice\u00a0\u00bb.<\/span><\/span><\/p>\n<p align=\"JUSTIFY\"><span style=\"font-family: Times New Roman,serif;\"><span style=\"font-size: medium;\">Le Souverain souligne que \u00ab\u00a0les liens singuliers tiss\u00e9s par le d\u00e9funt avec le peuple marocain et son Roi ont pu continuer \u00e0 se d\u00e9velopper apr\u00e8s Mon accession au Tr\u00f4ne, notamment \u00e0 l&rsquo;occasion de sa derni\u00e8re visite priv\u00e9e \u00e0 Rabat, en ao\u00fbt 2005\u00a0\u00bb.<\/span><\/span><\/p>\n<p align=\"JUSTIFY\"><span style=\"font-family: Times New Roman,serif;\"><span style=\"font-size: medium;\">SM le Roi note \u00e9galement que \u00ab\u00a0Feu le Pr\u00e9sident Mandela a su, avec sagesse et perspicacit\u00e9, porter haut les valeurs universelles de libert\u00e9, de justice, de paix et de tol\u00e9rance. Il a su, avec force et d\u00e9termination, faire valoir ses id\u00e9aux et sa position intangible en faveur de la pr\u00e9servation de la souverainet\u00e9 nationale et de l&rsquo;int\u00e9grit\u00e9 territoriale de l&rsquo;ensemble des Etats fr\u00e8res africains\u00a0\u00bb.<\/span><\/span><\/p>\n<p align=\"JUSTIFY\"><span style=\"font-family: Times New Roman,serif;\"><span style=\"font-size: medium;\">Le Souverain souligne enfin que \u00ab\u00a0durant son exercice de la plus haute charge de l&rsquo;Etat, le d\u00e9funt a respect\u00e9 la l\u00e9gitimit\u00e9 du Maroc dans son Sahara et n&rsquo;a jamais voulu reconnaitre ni soutenir la division ou la partition de Mon pays\u00a0\u00bb. (MAP)<\/span><\/span><\/p>\n","protected":false},"excerpt":{"rendered":"<p>Rabat, 06 d\u00e9c. 2013 (MAP) &#8211; SM le Roi Mohammed VI, que Dieu L&rsquo;Assiste, a adress\u00e9 un message de condol\u00e9ances<\/p>\n","protected":false},"author":2,"featured_media":0,"comment_status":"closed","ping_status":"closed","sticky":false,"template":"","format":"standard","meta":{"footnotes":""},"categories":[3,5],"tags":[],"class_list":["post-658","post","type-post","status-publish","format-standard","hentry","category-accueil","category-maghreb-news"],"_links":{"self":[{"href":"https:\/\/anatem.info\/index.php?rest_route=\/wp\/v2\/posts\/658","targetHints":{"allow":["GET"]}}],"collection":[{"href":"https:\/\/anatem.info\/index.php?rest_route=\/wp\/v2\/posts"}],"about":[{"href":"https:\/\/anatem.info\/index.php?rest_route=\/wp\/v2\/types\/post"}],"author":[{"embeddable":true,"href":"https:\/\/anatem.info\/index.php?rest_route=\/wp\/v2\/users\/2"}],"replies":[{"embeddable":true,"href":"https:\/\/anatem.info\/index.php?rest_route=%2Fwp%2Fv2%2Fcomments&post=658"}],"version-history":[{"count":1,"href":"https:\/\/anatem.info\/index.php?rest_route=\/wp\/v2\/posts\/658\/revisions"}],"predecessor-version":[{"id":660,"href":"https:\/\/anatem.info\/index.php?rest_route=\/wp\/v2\/posts\/658\/revisions\/660"}],"wp:attachment":[{"href":"https:\/\/anatem.info\/index.php?rest_route=%2Fwp%2Fv2%2Fmedia&parent=658"}],"wp:term":[{"taxonomy":"category","embeddable":true,"href":"https:\/\/anatem.info\/index.php?rest_route=%2Fwp%2Fv2%2Fcategories&post=658"},{"taxonomy":"post_tag","embeddable":true,"href":"https:\/\/anatem.info\/index.php?rest_route=%2Fwp%2Fv2%2Ftags&post=658"}],"curies":[{"name":"wp","href":"https:\/\/api.w.org\/{rel}","templated":true}]}}