{"id":6978,"date":"2025-04-14T17:59:06","date_gmt":"2025-04-14T22:59:06","guid":{"rendered":"https:\/\/anatem.info\/?p=6978"},"modified":"2025-04-14T17:59:06","modified_gmt":"2025-04-14T22:59:06","slug":"le-sultanat-doman-reconnait-la-souverainete-du-maroc-sur-son-sahara-et-salue-les-efforts-de-sm-le-roipour-la-defense-de-la-ville-sainte-dal-qods","status":"publish","type":"post","link":"https:\/\/anatem.info\/?p=6978","title":{"rendered":"Le Sultanat d&rsquo;Oman reconna\u00eet la souverainet\u00e9 du Maroc sur son Sahara et salue les efforts de SM le Roipour la d\u00e9fense de la Ville sainte d&rsquo;Al Qods"},"content":{"rendered":"\n<p>Le Sultanat d&rsquo;Oman a salu\u00e9, ce dimanche 13 avril 2025, \u00ab\u00a0les efforts continus d\u00e9ploy\u00e9s par Sa Majest\u00e9 le Roi Mohammed VI, Pr\u00e9sident du Comit\u00e9 Al-Qods, pour la d\u00e9fense de la Ville sainte et la pr\u00e9servation de son statut et de son identit\u00e9 civilisationnelle\u00a0\u00bb. C&rsquo;est ce qui ressort dans un communiqu\u00e9 conjoint publi\u00e9 \u00e0 l&rsquo;occasion de la 7e session de la Commission mixte maroco-omanaise, co-pr\u00e9sid\u00e9e, \u00e0 Mascate, par M. Nasser Bourita, ministre des Affaires \u00e9trang\u00e8res, de la Coop\u00e9ration africaine et des Marocains r\u00e9sidant \u00e0 l\u2019?tranger, et par M. Badr Bin Hamad Bin Hamoud Al Busaidi, ministre omanais des Affaires \u00e9trang\u00e8res.<\/p>\n\n\n\n<p>Le communiqu\u00e9 conjoint met \u00e9galement en exergue, le soutien du Sultanat d&rsquo;Oman \u00e0 l\u2019int\u00e9grit\u00e9 territoriale et \u00e0 la souverainet\u00e9 du Royaume du Maroc sur l\u2019ensemble de son territoire national, rendant au passage un hommage \u00e0 la sagesse du leadership marocain pr\u00f4nant une solution pacifique, \u00e0 ce conflit artificiel, pouvant promouvoir s\u00e9curit\u00e9 et stabilit\u00e9 dans la r\u00e9gion maghr\u00e9bine.<\/p>\n\n\n\n<p>Concernant l\u2019initiative d\u2019autonomie propos\u00e9e par le Royaume du Maroc, le Sultanat d\u2019Oman la trouve \u00ab\u00a0<em>s\u00e9rieuse, r\u00e9aliste et constituant la base pour le r\u00e8glement de la question du Sahara marocain<\/em>\u00ab\u00a0.<\/p>\n\n\n\n<p>La R\u00e9daction avec la MAP<\/p>\n\n\n\n<p><\/p>\n","protected":false},"excerpt":{"rendered":"<p>Le Sultanat d&rsquo;Oman a salu\u00e9, ce dimanche 13 avril 2025, \u00ab\u00a0les efforts continus d\u00e9ploy\u00e9s par Sa Majest\u00e9 le Roi Mohammed<\/p>\n","protected":false},"author":2,"featured_media":6979,"comment_status":"closed","ping_status":"closed","sticky":false,"template":"","format":"standard","meta":{"footnotes":""},"categories":[3,62,8],"tags":[],"class_list":["post-6978","post","type-post","status-publish","format-standard","has-post-thumbnail","hentry","category-accueil","category-afrique","category-provinces-du-sud"],"_links":{"self":[{"href":"https:\/\/anatem.info\/index.php?rest_route=\/wp\/v2\/posts\/6978","targetHints":{"allow":["GET"]}}],"collection":[{"href":"https:\/\/anatem.info\/index.php?rest_route=\/wp\/v2\/posts"}],"about":[{"href":"https:\/\/anatem.info\/index.php?rest_route=\/wp\/v2\/types\/post"}],"author":[{"embeddable":true,"href":"https:\/\/anatem.info\/index.php?rest_route=\/wp\/v2\/users\/2"}],"replies":[{"embeddable":true,"href":"https:\/\/anatem.info\/index.php?rest_route=%2Fwp%2Fv2%2Fcomments&post=6978"}],"version-history":[{"count":1,"href":"https:\/\/anatem.info\/index.php?rest_route=\/wp\/v2\/posts\/6978\/revisions"}],"predecessor-version":[{"id":6980,"href":"https:\/\/anatem.info\/index.php?rest_route=\/wp\/v2\/posts\/6978\/revisions\/6980"}],"wp:featuredmedia":[{"embeddable":true,"href":"https:\/\/anatem.info\/index.php?rest_route=\/wp\/v2\/media\/6979"}],"wp:attachment":[{"href":"https:\/\/anatem.info\/index.php?rest_route=%2Fwp%2Fv2%2Fmedia&parent=6978"}],"wp:term":[{"taxonomy":"category","embeddable":true,"href":"https:\/\/anatem.info\/index.php?rest_route=%2Fwp%2Fv2%2Fcategories&post=6978"},{"taxonomy":"post_tag","embeddable":true,"href":"https:\/\/anatem.info\/index.php?rest_route=%2Fwp%2Fv2%2Ftags&post=6978"}],"curies":[{"name":"wp","href":"https:\/\/api.w.org\/{rel}","templated":true}]}}