{"id":7227,"date":"2025-08-20T08:47:08","date_gmt":"2025-08-20T13:47:08","guid":{"rendered":"https:\/\/anatem.info\/?p=7227"},"modified":"2025-08-20T08:48:47","modified_gmt":"2025-08-20T13:48:47","slug":"le-maroc-aux-cotes-de-gaza-par-les-actes-tangibles-et-non-par-la-surenchere","status":"publish","type":"post","link":"https:\/\/anatem.info\/?p=7227","title":{"rendered":"Le Maroc aux c\u00f4t\u00e9s de Gaza par les actes tangibles et non par la surench\u00e8re"},"content":{"rendered":"\n<p>Dans une d\u00e9claration faite \u00e0 la MAP le 20 ao\u00fbt 2025, St\u00e9phane Dujarric, porte-parole du Secr\u00e9taire g\u00e9n\u00e9ral de l\u2019ONU, a salu\u00e9 au nom de l&rsquo;ONU \u201c <em>la g\u00e9n\u00e9rosit\u00e9 et la d\u00e9cision prise par Sa Majest\u00e9 le Roi Mohammed VI d\u2019envoyer une aide humanitaire importante pour la population de Gaza<\/em>\u201d.<\/p>\n\n\n\n<p>Cette aide, en ces temps durs est d&rsquo;autant bienvenue que la situation est critique et que \u201cles Gazaouis manquent de tout \u2013 nourriture, m\u00e9dicament, h\u00e9bergement\u2026\u201d, a d\u00e9plor\u00e9 M. Dujarric, soulignant l\u2019imp\u00e9ratif pour la communaut\u00e9 internationale de faire \u201cle plus possible\u201d pour am\u00e9liorer la situation humanitaire des Palestiniens.<\/p>\n\n\n\n<p>Dans cette perspective, le Maroc se d\u00e9marque par son initiative d&rsquo;ouvrir un pont a\u00e9rien doubl\u00e9 d&rsquo;une logistique terrestre impliquant le croissant rouge palestinien afin d&rsquo;acheminer de l&rsquo;aide aux populations assi\u00e9g\u00e9es; alors que plus de 5000 camions sont bloqu\u00e9s du c\u00f4t\u00e9 \u00e9gyptien.<\/p>\n\n\n\n<p>Rappelons que le 18 ao\u00fbt 2025, suite aux tr\u00e8s Hautes Instructions de Sa Majest\u00e9 le Roi Mohammed VI, une aide humanitaire suppl\u00e9mentaire a \u00e9t\u00e9 achemin\u00e9e aux habitants de Gaza, comprenant 100 tonnes de denr\u00e9es alimentaires et de m\u00e9dicaments, sp\u00e9cifiquement destin\u00e9s aux cat\u00e9gories vuln\u00e9rables, tout particuli\u00e8rement les enfants et les nourrissons.<\/p>\n\n\n\n<p>Force est de constater alors, qu&rsquo;en d\u00e9pit de la normalisation de ses relations avec Isra\u00ebl, et de l&rsquo;avis m\u00eame des palestiniens, le Maroc, et \u00e0 sa t\u00eate Sa Majest\u00e9 Mohammed VI, reste fermement engag\u00e9 pour la causse palestinienne, utilisant \u00ab\u00a0<em>son r\u00e9seau et ces relations pour aider le peuple palestinien fr\u00e8re par les actes tangibles et non par de la surench\u00e8re\u00a0\u00bb.<\/em><\/p>\n\n\n\n<p>A.M. El Atlassi<\/p>\n","protected":false},"excerpt":{"rendered":"<p>Dans une d\u00e9claration faite \u00e0 la MAP le 20 ao\u00fbt 2025, St\u00e9phane Dujarric, porte-parole du Secr\u00e9taire g\u00e9n\u00e9ral de l\u2019ONU, a<\/p>\n","protected":false},"author":2,"featured_media":6401,"comment_status":"closed","ping_status":"closed","sticky":false,"template":"","format":"standard","meta":{"footnotes":""},"categories":[3,5,7],"tags":[],"class_list":["post-7227","post","type-post","status-publish","format-standard","has-post-thumbnail","hentry","category-accueil","category-maghreb-news","category-presse-marocaine"],"_links":{"self":[{"href":"https:\/\/anatem.info\/index.php?rest_route=\/wp\/v2\/posts\/7227","targetHints":{"allow":["GET"]}}],"collection":[{"href":"https:\/\/anatem.info\/index.php?rest_route=\/wp\/v2\/posts"}],"about":[{"href":"https:\/\/anatem.info\/index.php?rest_route=\/wp\/v2\/types\/post"}],"author":[{"embeddable":true,"href":"https:\/\/anatem.info\/index.php?rest_route=\/wp\/v2\/users\/2"}],"replies":[{"embeddable":true,"href":"https:\/\/anatem.info\/index.php?rest_route=%2Fwp%2Fv2%2Fcomments&post=7227"}],"version-history":[{"count":2,"href":"https:\/\/anatem.info\/index.php?rest_route=\/wp\/v2\/posts\/7227\/revisions"}],"predecessor-version":[{"id":7229,"href":"https:\/\/anatem.info\/index.php?rest_route=\/wp\/v2\/posts\/7227\/revisions\/7229"}],"wp:featuredmedia":[{"embeddable":true,"href":"https:\/\/anatem.info\/index.php?rest_route=\/wp\/v2\/media\/6401"}],"wp:attachment":[{"href":"https:\/\/anatem.info\/index.php?rest_route=%2Fwp%2Fv2%2Fmedia&parent=7227"}],"wp:term":[{"taxonomy":"category","embeddable":true,"href":"https:\/\/anatem.info\/index.php?rest_route=%2Fwp%2Fv2%2Fcategories&post=7227"},{"taxonomy":"post_tag","embeddable":true,"href":"https:\/\/anatem.info\/index.php?rest_route=%2Fwp%2Fv2%2Ftags&post=7227"}],"curies":[{"name":"wp","href":"https:\/\/api.w.org\/{rel}","templated":true}]}}