{"id":7230,"date":"2025-08-21T16:36:48","date_gmt":"2025-08-21T21:36:48","guid":{"rendered":"https:\/\/anatem.info\/?p=7230"},"modified":"2025-08-21T16:36:48","modified_gmt":"2025-08-21T21:36:48","slug":"le-japon-reaffirme-pour-la-troisieme-fois-devant-les-travaux-du-sommet-de-la-ticad-9-sa-non-reconnaissance-de-lentite-separatiste","status":"publish","type":"post","link":"https:\/\/anatem.info\/?p=7230","title":{"rendered":"Le Japon r\u00e9affirme pour la troisi\u00e8me fois, devant les travaux du Sommet de la TICAD-9, sa non-reconnaissance de l\u2019entit\u00e9 s\u00e9paratiste"},"content":{"rendered":"\n<p>Yokohama (Japon), le 20 aout 2025 (MAP) \u2013 Dans un message fort et clair \u00e0 l\u2019Afrique et \u00e0 l\u2019ONU, le Japon a r\u00e9it\u00e9r\u00e9, pour la troisi\u00e8me fois en l\u2019espace de deux jours, sa position constante de non-reconnaissance de l\u2019entit\u00e9 s\u00e9paratiste, et ce \u00e0 l\u2019ouverture du sommet de la 9e Conf\u00e9rence internationale de Tokyo sur le d\u00e9veloppement de l\u2019Afrique (TICAD-9), le mercredi, 20 ao\u00fbt 2025, \u00e0 Yokohama.<\/p>\n\n\n\n<p>D\u00e8s l\u2019ouverture du sommet et en pr\u00e9lude au d\u00e9but des travaux, le ministre japonais des Affaires \u00e9trang\u00e8res, Takeshi Iwaya, a fait une d\u00e9claration solennelle au nom de son gouvernement, pour souligner que \u201cla pr\u00e9sence d\u2019une entit\u00e9 non reconnue par le Japon en tant qu\u2019?tat ne saurait affecter la position du Japon quant au statut de cette entit\u00e9\u201d.<\/p>\n\n\n\n<p>Cette clarification a \u00e9t\u00e9 l\u2019unique point \u00e9voqu\u00e9 dans l\u2019allocution liminaire du chef de la diplomatie japonaise apr\u00e8s les amabilit\u00e9s d\u2019usage, marquant ainsi un signal sans \u00e9quivoque quant \u00e0 la constance de la position du Japon et son rejet des man\u0153uvres cherchant \u00e0 instrumentaliser les \u00e9l\u00e9ments s\u00e9paratistes et \u00e0 d\u00e9tourner de sa vocation premi\u00e8re un sommet consacr\u00e9 aux enjeux du d\u00e9veloppement en Afrique.<\/p>\n\n\n\n<p>Cette triple r\u00e9affirmation nippone intervient au lendemain d\u2019une d\u00e9claration similaire prononc\u00e9e mardi, lors de la r\u00e9union minist\u00e9rielle d\u2019ouverture, par M. Iwaya, qui a tenu \u00e0 pr\u00e9ciser la position officielle de son pays concernant l\u2019entit\u00e9 fantoche.<\/p>\n\n\n\n<p>\u201cJe tiens \u00e0 pr\u00e9ciser que la pr\u00e9sence dans cette r\u00e9union de toute entit\u00e9 que le Japon ne reconna\u00eet pas comme ?tat n\u2019affecte en rien la position du Japon concernant le statut de cette entit\u00e9\u201d, a d\u00e9clar\u00e9 M. Iwaya devant les ministres africains et les repr\u00e9sentants des organisations internationales.<\/p>\n\n\n\n<p>De m\u00eame, la r\u00e9union des hauts fonctionnaires, pr\u00e9paratoire \u00e0 la TICAD-9, tenue \u00e9galement mardi \u00e0 Yokohama, a \u00e9t\u00e9 marqu\u00e9e par une clarification ferme du Japon concernant sa position sur la non-reconnaissance de l\u2019entit\u00e9 s\u00e9paratiste.<\/p>\n\n\n\n<p>La diplomatie japonaise a marqu\u00e9, par ailleurs, sa r\u00e9serve sur la pr\u00e9sence de l\u2019entit\u00e9 s\u00e9paratiste, en indiquant que le Japon a refus\u00e9 de lui adresser une invitation et s\u2019est content\u00e9 d\u2019inviter \u201cles pays avec lesquels le Japon entretient des relations diplomatiques\u201d, et en pr\u00e9cisant que \u201cc\u2019est la Commission de l\u2019Union africaine qui a invit\u00e9 tous ses membres\u201d.<\/p>\n\n\n\n<p>Le Maroc est repr\u00e9sent\u00e9 au Sommet de la TICAD-9 par l\u2019ambassadeur de Sa Majest\u00e9 le Roi au Japon, Mohamed Rachad Bouhlal.<\/p>\n\n\n\n<p>D\u2019apr\u00e8s les organisateurs de cette \u00e9dition, plac\u00e9e sous le th\u00e8me \u201cCo-cr\u00e9er des solutions innovantes avec l\u2019Afrique\u201d, les \u00e9changes viseront \u00e0 harmoniser les objectifs de d\u00e9veloppement de l\u2019Union africaine (UA) avec ceux de l\u2019Agenda 2030 des Nations Unies.<\/p>\n\n\n\n<p>Cette \u00e9dition vise \u00e9galement \u00e0 renforcer les collaborations en mati\u00e8re d\u2019innovation technologique entre le Japon et l\u2019Afrique, et \u00e0 explorer de nouveaux march\u00e9s dans les domaines de la transition num\u00e9rique, du d\u00e9veloppement durable et de l\u2019inclusion sociale.<\/p>\n\n\n\n<p>Dans cette perspective, le \u201cTICAD Business Expo\u201d r\u00e9unit 196 entreprises et organisations japonaises, parmi lesquelles 107 petites et moyennes entreprises (PME). Les exposants y pr\u00e9sentent leurs innovations \u00e0 travers huit secteurs th\u00e9matiques, dont les infrastructures, la sant\u00e9 publique, les cha\u00eenes de valeur agroalimentaires et la culture populaire.<\/p>\n","protected":false},"excerpt":{"rendered":"<p>Yokohama (Japon), le 20 aout 2025 (MAP) \u2013 Dans un message fort et clair \u00e0 l\u2019Afrique et \u00e0 l\u2019ONU, le<\/p>\n","protected":false},"author":2,"featured_media":7231,"comment_status":"closed","ping_status":"closed","sticky":false,"template":"","format":"standard","meta":{"footnotes":""},"categories":[3,62,8],"tags":[],"class_list":["post-7230","post","type-post","status-publish","format-standard","has-post-thumbnail","hentry","category-accueil","category-afrique","category-provinces-du-sud"],"_links":{"self":[{"href":"https:\/\/anatem.info\/index.php?rest_route=\/wp\/v2\/posts\/7230","targetHints":{"allow":["GET"]}}],"collection":[{"href":"https:\/\/anatem.info\/index.php?rest_route=\/wp\/v2\/posts"}],"about":[{"href":"https:\/\/anatem.info\/index.php?rest_route=\/wp\/v2\/types\/post"}],"author":[{"embeddable":true,"href":"https:\/\/anatem.info\/index.php?rest_route=\/wp\/v2\/users\/2"}],"replies":[{"embeddable":true,"href":"https:\/\/anatem.info\/index.php?rest_route=%2Fwp%2Fv2%2Fcomments&post=7230"}],"version-history":[{"count":1,"href":"https:\/\/anatem.info\/index.php?rest_route=\/wp\/v2\/posts\/7230\/revisions"}],"predecessor-version":[{"id":7232,"href":"https:\/\/anatem.info\/index.php?rest_route=\/wp\/v2\/posts\/7230\/revisions\/7232"}],"wp:featuredmedia":[{"embeddable":true,"href":"https:\/\/anatem.info\/index.php?rest_route=\/wp\/v2\/media\/7231"}],"wp:attachment":[{"href":"https:\/\/anatem.info\/index.php?rest_route=%2Fwp%2Fv2%2Fmedia&parent=7230"}],"wp:term":[{"taxonomy":"category","embeddable":true,"href":"https:\/\/anatem.info\/index.php?rest_route=%2Fwp%2Fv2%2Fcategories&post=7230"},{"taxonomy":"post_tag","embeddable":true,"href":"https:\/\/anatem.info\/index.php?rest_route=%2Fwp%2Fv2%2Ftags&post=7230"}],"curies":[{"name":"wp","href":"https:\/\/api.w.org\/{rel}","templated":true}]}}