{"id":7276,"date":"2025-10-10T13:46:22","date_gmt":"2025-10-10T18:46:22","guid":{"rendered":"https:\/\/anatem.info\/?p=7276"},"modified":"2025-10-10T13:46:22","modified_gmt":"2025-10-10T18:46:22","slug":"sm-le-roi-appelle-le-gouvernement-et-le-parlement-a-mobiliser-toutes-les-energies-pour-faire-prevaloir-les-interets-superieurs-de-la-nation-et-des-citoyens","status":"publish","type":"post","link":"https:\/\/anatem.info\/?p=7276","title":{"rendered":"SM le Roi appelle le gouvernement et le Parlement \u00e0 mobiliser toutes les \u00e9nergies pour faire pr\u00e9valoir les int\u00e9r\u00eats sup\u00e9rieurs de la Nation et des citoyens"},"content":{"rendered":"\n<p>Rabat, le 10\/10\/2025 (MAP) \u2013 Sa Majest\u00e9 le Roi Mohammed VI a appel\u00e9 le gouvernement et le Parlement \u00e0 mobiliser toutes les \u00e9nergies et toutes les potentialit\u00e9s pour faire pr\u00e9valoir les int\u00e9r\u00eats sup\u00e9rieurs de la Nation et des citoyens.<\/p>\n\n\n\n<p>\u201cNous attendons de vous tous, au gouvernement comme au Parlement, en tant que Majorit\u00e9 et au sein de l\u2019Opposition, que vous mobilisiez toutes les \u00e9nergies et toutes les potentialit\u00e9s et que vous fassiez pr\u00e9valoir les int\u00e9r\u00eats sup\u00e9rieurs de la Nation et des citoyens\u201d, a affirm\u00e9 le Souverain, dans Son discours adress\u00e9, vendredi, au Parlement \u00e0 l\u2019occasion de l\u2019ouverture de la 1\u00e8re session de la 5e ann\u00e9e l\u00e9gislative de la 11e L\u00e9gislature.<\/p>\n\n\n\n<p>\u201cSoyez, que Dieu vous garde, dignes de la confiance plac\u00e9e en vous et \u00e0 la hauteur de la responsabilit\u00e9 qui vous incombe. Faites aussi preuve d\u2019int\u00e9grit\u00e9, d\u2019engagement et d\u2019abn\u00e9gation au service de la Patrie\u201d, a poursuivi Sa Majest\u00e9 le Roi.<\/p>\n\n\n\n<p>Assurant les parlementaires du prix qu\u2019Il attache \u00e0 leur travail, qu\u2019il soit d\u2019ordre l\u00e9gislatif ou qu\u2019il se rapporte au contr\u00f4le de l\u2019action gouvernementale et \u00e0 l\u2019\u00e9valuation des politiques publiques, le Souverain a tenu \u00e0 saluer les efforts d\u00e9ploy\u00e9s pour relever le niveau de performance de la diplomatie partisane et parlementaire afin de mieux servir les Causes sup\u00e9rieures de la Nation.<\/p>\n\n\n\n<p>\u201cNous appelons \u00e9galement \u00e0 ce qu\u2019en la mati\u00e8re, un travail plus appliqu\u00e9 et plus efficace soit men\u00e9 dans une logique de coop\u00e9ration et de compl\u00e9mentarit\u00e9 avec la diplomatie officielle\u201d, a dit Sa Majest\u00e9 le Roi, invitant les parlementaires \u00e0 s\u2019employer avec s\u00e9rieux et responsabilit\u00e9 \u00e0 mener \u00e0 bonne fin les processus l\u00e9gislatifs, \u00e0 mettre en \u0153uvre les programmes et les projets en chantier, \u00e0 demeurer alertes et engag\u00e9s \u00e0 plaider la cause des citoyens.<\/p>\n\n\n\n<p>\u201cIl ne devrait y avoir ni antinomie ni rivalit\u00e9 entre les grands projets nationaux et les programmes sociaux, tant que le but recherch\u00e9 est de d\u00e9velopper le pays et d\u2019am\u00e9liorer les conditions de vie des citoyens, o\u00f9 qu\u2019ils soient\u201d, a soutenu le Souverain.<\/p>\n\n\n\n<p>Dans la m\u00eame veine, a ajout\u00e9 Sa Majest\u00e9 le Roi, une attention particuli\u00e8re doit \u00eatre port\u00e9e \u00e0 l\u2019encadrement des citoyens et \u00e0 la communication autour des initiatives engag\u00e9es par les pouvoirs publics, et des diff\u00e9rentes lois et d\u00e9cisions, notamment celles ayant trait directement aux droits et aux libert\u00e9s des citoyens.<\/p>\n\n\n\n<p>Cette mission n\u2019est pas du seul ressort du gouvernement, a assur\u00e9 le Souverain, pr\u00e9cisant qu\u2019\u201delle est l\u2019affaire de tous, et vous, les parlementaires, \u00eates en premi\u00e8re ligne, car vous \u00eates les repr\u00e9sentants des citoyens\u201d.<\/p>\n\n\n\n<p>\u201cC\u2019est aussi la responsabilit\u00e9 des partis politiques et des mandataires si\u00e9geant au sein des diff\u00e9rents Conseils \u00e9lus, \u00e0 tous les \u00e9chelons de l\u2019organisation territoriale. Doivent \u00e9galement s\u2019y associer m\u00e9dias, acteurs de la soci\u00e9t\u00e9 civile et, globalement, toutes les forces vives de la Nation\u201d, a dit le Souverain.<\/p>\n","protected":false},"excerpt":{"rendered":"<p>Rabat, le 10\/10\/2025 (MAP) \u2013 Sa Majest\u00e9 le Roi Mohammed VI a appel\u00e9 le gouvernement et le Parlement \u00e0 mobiliser<\/p>\n","protected":false},"author":2,"featured_media":7277,"comment_status":"closed","ping_status":"closed","sticky":false,"template":"","format":"standard","meta":{"footnotes":""},"categories":[3,62,5,7,8],"tags":[],"class_list":["post-7276","post","type-post","status-publish","format-standard","has-post-thumbnail","hentry","category-accueil","category-afrique","category-maghreb-news","category-presse-marocaine","category-provinces-du-sud"],"_links":{"self":[{"href":"https:\/\/anatem.info\/index.php?rest_route=\/wp\/v2\/posts\/7276","targetHints":{"allow":["GET"]}}],"collection":[{"href":"https:\/\/anatem.info\/index.php?rest_route=\/wp\/v2\/posts"}],"about":[{"href":"https:\/\/anatem.info\/index.php?rest_route=\/wp\/v2\/types\/post"}],"author":[{"embeddable":true,"href":"https:\/\/anatem.info\/index.php?rest_route=\/wp\/v2\/users\/2"}],"replies":[{"embeddable":true,"href":"https:\/\/anatem.info\/index.php?rest_route=%2Fwp%2Fv2%2Fcomments&post=7276"}],"version-history":[{"count":1,"href":"https:\/\/anatem.info\/index.php?rest_route=\/wp\/v2\/posts\/7276\/revisions"}],"predecessor-version":[{"id":7278,"href":"https:\/\/anatem.info\/index.php?rest_route=\/wp\/v2\/posts\/7276\/revisions\/7278"}],"wp:featuredmedia":[{"embeddable":true,"href":"https:\/\/anatem.info\/index.php?rest_route=\/wp\/v2\/media\/7277"}],"wp:attachment":[{"href":"https:\/\/anatem.info\/index.php?rest_route=%2Fwp%2Fv2%2Fmedia&parent=7276"}],"wp:term":[{"taxonomy":"category","embeddable":true,"href":"https:\/\/anatem.info\/index.php?rest_route=%2Fwp%2Fv2%2Fcategories&post=7276"},{"taxonomy":"post_tag","embeddable":true,"href":"https:\/\/anatem.info\/index.php?rest_route=%2Fwp%2Fv2%2Ftags&post=7276"}],"curies":[{"name":"wp","href":"https:\/\/api.w.org\/{rel}","templated":true}]}}