{"id":7602,"date":"2026-04-26T03:01:19","date_gmt":"2026-04-26T08:01:19","guid":{"rendered":"https:\/\/anatem.info\/?p=7602"},"modified":"2026-04-26T03:01:19","modified_gmt":"2026-04-26T08:01:19","slug":"un-mois-davril-riche-en-appuis-a-la-souverainete-pleine-et-entiere-du-maroc-sur-son-sahara","status":"publish","type":"post","link":"https:\/\/anatem.info\/?p=7602","title":{"rendered":"Un mois d&rsquo;avril riche en appuis \u00e0 la \u00ab\u00a0souverainet\u00e9 pleine et enti\u00e8re\u00a0\u00bb du Maroc sur son Sahara"},"content":{"rendered":"\n<p>Tout au long de ce mois d&rsquo;avril 2026, la dynamique diplomatique autour du Sahara marocain a \u00e9t\u00e9 marqu\u00e9e par de nouveaux soutiens strat\u00e9giques et la r\u00e9affirmation de positions de pays cl\u00e9s. De nombreux pays ont, en effet, profit\u00e9 de rencontres bilat\u00e9rales ou de sessions internationales pour confirmer leur position.<\/p>\n\n\n\n<p>Parmi ces pays citons le Royaume-Uni qui a r\u00e9it\u00e9r\u00e9 \u00e0 plusieurs reprises en avril 2026 son soutien au plan d&rsquo;autonomie, le qualifiant de base la plus \u00ab\u00a0cr\u00e9dible, viable et pragmatique\u00a0\u00bb.<\/p>\n\n\n\n<p>S&rsquo;ajoute au Royaume-Uni, l&rsquo;?quateur qui a r\u00e9affirm\u00e9, le 17 avril 2026, son appui \u00e0 l&rsquo;initiative d&rsquo;autonomie et a annonc\u00e9 l&rsquo;extension de sa couverture consulaire au Sahara marocain. Viennent ensuite le Gabon et Sao Tom\u00e9-et-Principe qui ont renouvel\u00e9 leur soutien \u00e0 la marocanit\u00e9 du Sahara le 14 avril 2026, puis le Groupe de 40 ?tats \u00e0 Gen\u00e8ve qui a continu\u00e9 d&rsquo;afficher un soutien constant \u00e0 la \u00ab\u00a0souverainet\u00e9 pleine et enti\u00e8re\u00a0\u00bb du Maroc sur son Sahara.<\/p>\n\n\n\n<p>Outre ces appuis d\u00e9j\u00e0 acquis, Kaja Kallas, au nom de l&rsquo;UE, a affirm\u00e9 \u00e0 Rabat qu&rsquo;une \u00a0\u00bbautonomie v\u00e9ritable pourrait repr\u00e9senter la solution la plus r\u00e9alisable au conflit\u00a0\u00bb.\u00a0M\u00eame son de cloche du c\u00f4t\u00e9 de l&rsquo;Autriche qui a r\u00e9affirm\u00e9, le 22 avril, son soutien \u00e0 la r\u00e9solution 2797 du Conseil de s\u00e9curit\u00e9 de l&rsquo;ONU, estimant qu&rsquo;une \u00ab\u00a0v\u00e9ritable autonomie sous souverainet\u00e9 marocaine\u00a0\u00bb constitue l&rsquo;une des solutions les plus r\u00e9alisables.<\/p>\n\n\n\n<p>Deux jours plus tard , (le 24 avril 2026) la Suisse d\u00e9clare qu\u2019elle \u201cconsid\u00e8re l\u2019initiative d\u2019autonomie\u201d pr\u00e9sent\u00e9e par le Maroc \u201ccomme base la plus s\u00e9rieuse, cr\u00e9dible et pragmatique\u201d pour la r\u00e9solution du diff\u00e9rend r\u00e9gional autour du Sahara marocain.<\/p>\n\n\n\n<p>Cette position a \u00e9t\u00e9 exprim\u00e9e dans une Communication conjointe adopt\u00e9e par M. Ignazio Cassis, Conseiller F\u00e9d\u00e9ral, Vice-Pr\u00e9sident de la Conf\u00e9d\u00e9ration suisse, Chef du D\u00e9partement F\u00e9d\u00e9ral des Affaires Etrang\u00e8res, et M. Nasser Bourita, ministre des Affaires \u00e9trang\u00e8res, de la Coop\u00e9ration africaine et des Marocains r\u00e9sidant \u00e0 l\u2019\u00e9tranger, qui effectue une visite de travail \u00e0 Berne.<\/p>\n\n\n\n<p>Dans ce m\u00eame document agr\u00e9\u00e9, la Suisse \u201csalue\u201d l\u2019adoption de la r\u00e9solution 2797 du Conseil de s\u00e9curit\u00e9, affirmant qu\u2019une \u201cv\u00e9ritable autonomie sous souverainet\u00e9 marocaine pourrait constituer une solution des plus r\u00e9alisables\u201d.<\/p>\n\n\n\n<p>La Suisse a \u00e9galement rappel\u00e9 son \u201csoutien au r\u00f4le central jou\u00e9 par les Nations Unies ainsi qu\u2019aux efforts d\u00e9ploy\u00e9s par l\u2019Envoy\u00e9 Personnel du Secr\u00e9taire G\u00e9n\u00e9ral\u201d.<\/p>\n\n\n\n<p>L\u2019appui r\u00e9affirm\u00e9 de la Suisse \u00e0 l\u2019initiative d\u2019autonomie pr\u00e9sent\u00e9e par le Maroc s\u2019inscrit dans la continuit\u00e9 du consensus international grandissant g\u00e9n\u00e9r\u00e9 par la dynamique impuls\u00e9e par Sa Majest\u00e9 le Roi Mohammed VI, que Dieu L\u2019assiste, en faveur de la marocanit\u00e9 du Sahara et en appui \u00e0 l\u2019Initiative d\u2019autonomie.<\/p>\n\n\n\n<p>Source : La R\u00e9daction avec la MAP<\/p>\n","protected":false},"excerpt":{"rendered":"<p>Tout au long de ce mois d&rsquo;avril 2026, la dynamique diplomatique autour du Sahara marocain a \u00e9t\u00e9 marqu\u00e9e par de<\/p>\n","protected":false},"author":2,"featured_media":7150,"comment_status":"closed","ping_status":"closed","sticky":false,"template":"","format":"standard","meta":{"footnotes":""},"categories":[3,62,7,8],"tags":[],"class_list":["post-7602","post","type-post","status-publish","format-standard","has-post-thumbnail","hentry","category-accueil","category-afrique","category-presse-marocaine","category-provinces-du-sud"],"_links":{"self":[{"href":"https:\/\/anatem.info\/index.php?rest_route=\/wp\/v2\/posts\/7602","targetHints":{"allow":["GET"]}}],"collection":[{"href":"https:\/\/anatem.info\/index.php?rest_route=\/wp\/v2\/posts"}],"about":[{"href":"https:\/\/anatem.info\/index.php?rest_route=\/wp\/v2\/types\/post"}],"author":[{"embeddable":true,"href":"https:\/\/anatem.info\/index.php?rest_route=\/wp\/v2\/users\/2"}],"replies":[{"embeddable":true,"href":"https:\/\/anatem.info\/index.php?rest_route=%2Fwp%2Fv2%2Fcomments&post=7602"}],"version-history":[{"count":1,"href":"https:\/\/anatem.info\/index.php?rest_route=\/wp\/v2\/posts\/7602\/revisions"}],"predecessor-version":[{"id":7603,"href":"https:\/\/anatem.info\/index.php?rest_route=\/wp\/v2\/posts\/7602\/revisions\/7603"}],"wp:featuredmedia":[{"embeddable":true,"href":"https:\/\/anatem.info\/index.php?rest_route=\/wp\/v2\/media\/7150"}],"wp:attachment":[{"href":"https:\/\/anatem.info\/index.php?rest_route=%2Fwp%2Fv2%2Fmedia&parent=7602"}],"wp:term":[{"taxonomy":"category","embeddable":true,"href":"https:\/\/anatem.info\/index.php?rest_route=%2Fwp%2Fv2%2Fcategories&post=7602"},{"taxonomy":"post_tag","embeddable":true,"href":"https:\/\/anatem.info\/index.php?rest_route=%2Fwp%2Fv2%2Ftags&post=7602"}],"curies":[{"name":"wp","href":"https:\/\/api.w.org\/{rel}","templated":true}]}}