{"id":7608,"date":"2026-04-29T05:17:07","date_gmt":"2026-04-29T10:17:07","guid":{"rendered":"https:\/\/anatem.info\/?p=7608"},"modified":"2026-04-29T05:17:07","modified_gmt":"2026-04-29T10:17:07","slug":"le-canada-rejoint-le-camp-des-pays-qui-appuient-la-souverainete-du-maroc-sur-son-sahara","status":"publish","type":"post","link":"https:\/\/anatem.info\/?p=7608","title":{"rendered":"Le Canada rejoint le camp des pays qui appuient la Souverainet\u00e9 du Maroc sur son Sahara"},"content":{"rendered":"\n<p>Apr\u00e8s la Suisse (24 avril 2026) et l&rsquo;Autriche qui a r\u00e9affirm\u00e9, le 22 avril, son soutien \u00e0 la r\u00e9solution 2797 du Conseil de s\u00e9curit\u00e9 de l\u2019ONU, le Canada vient de reconnaitre que le plan d\u2019autonomie du Maroc pour le Sahara est la \u00ab\u00a0<em>base d\u2019une solution mutuellement acceptable<\/em>\u00a0\u00bb et qu&rsquo;il est \u00ab\u00a0<em>une initiative s\u00e9rieuse et cr\u00e9dible en vue d\u2019un r\u00e8glement juste et durable du conflit<\/em>\u00ab\u00a0.<\/p>\n\n\n\n<p>Cette d\u00e9claration fut rapport\u00e9e dans un communiqu\u00e9 publi\u00e9 par le <a href=\"https:\/\/www.canada.ca\/fr\/affaires-mondiales\/nouvelles\/2026\/04\/la-ministre-anand-sentretient-avec-son-homologue-marocain-sur-la-position-du-canada-au-sujet-du-sahara-occidental.html\"><em>Service des relations avec les m\u00e9dias du minist\u00e8re des Affaires \u00e9tranges canadien<\/em>,<\/a> suite \u00e0 l&rsquo;entretien qu&rsquo;a eu l\u2019honorable Anita Anand, ce 28 avril 2026, avec son homologue marocain, le ministre des Affaires \u00e9trang\u00e8res, de la Coop\u00e9ration africaine et des Marocains r\u00e9sidant \u00e0 l\u2019\u00e9tranger, Nasser Bourita.<\/p>\n\n\n\n<p>Selon la m\u00eame source, la ministre canadienne a soulign\u00e9 \u00ab\u00a0<em>la n\u00e9cessit\u00e9 de parvenir \u00e0 un r\u00e8glement politique durable, juste et mutuellement acceptable, conform\u00e9ment aux principes de la Charte des Nations Unies et aux r\u00e9solutions pertinentes du Conseil de s\u00e9curit\u00e9<\/em>\u00ab\u00a0.<\/p>\n\n\n\n<p>Et la source de conclure que la ministre canadienne des affaires \u00e9trang\u00e8res a fait part de \u00ab\u00a0<em>son int\u00e9r\u00eat pour effectuer une visite officielle au Maroc dans les semaines \u00e0 venir, et les deux ministres ont convenu d&rsquo;\u0153uvrer en ce sens afin d&rsquo;approfondir le dialogue sur les relations entre les deux pays et d&rsquo;intensifier les discussions sur le Sahara<\/em>\u00a0\u00bb  (&#8230;)<\/p>\n\n\n\n<p>La R\u00e9daction<\/p>\n","protected":false},"excerpt":{"rendered":"<p>Apr\u00e8s la Suisse (24 avril 2026) et l&rsquo;Autriche qui a r\u00e9affirm\u00e9, le 22 avril, son soutien \u00e0 la r\u00e9solution 2797<\/p>\n","protected":false},"author":2,"featured_media":7609,"comment_status":"closed","ping_status":"closed","sticky":false,"template":"","format":"standard","meta":{"footnotes":""},"categories":[3,62,8],"tags":[],"class_list":["post-7608","post","type-post","status-publish","format-standard","has-post-thumbnail","hentry","category-accueil","category-afrique","category-provinces-du-sud"],"_links":{"self":[{"href":"https:\/\/anatem.info\/index.php?rest_route=\/wp\/v2\/posts\/7608","targetHints":{"allow":["GET"]}}],"collection":[{"href":"https:\/\/anatem.info\/index.php?rest_route=\/wp\/v2\/posts"}],"about":[{"href":"https:\/\/anatem.info\/index.php?rest_route=\/wp\/v2\/types\/post"}],"author":[{"embeddable":true,"href":"https:\/\/anatem.info\/index.php?rest_route=\/wp\/v2\/users\/2"}],"replies":[{"embeddable":true,"href":"https:\/\/anatem.info\/index.php?rest_route=%2Fwp%2Fv2%2Fcomments&post=7608"}],"version-history":[{"count":1,"href":"https:\/\/anatem.info\/index.php?rest_route=\/wp\/v2\/posts\/7608\/revisions"}],"predecessor-version":[{"id":7610,"href":"https:\/\/anatem.info\/index.php?rest_route=\/wp\/v2\/posts\/7608\/revisions\/7610"}],"wp:featuredmedia":[{"embeddable":true,"href":"https:\/\/anatem.info\/index.php?rest_route=\/wp\/v2\/media\/7609"}],"wp:attachment":[{"href":"https:\/\/anatem.info\/index.php?rest_route=%2Fwp%2Fv2%2Fmedia&parent=7608"}],"wp:term":[{"taxonomy":"category","embeddable":true,"href":"https:\/\/anatem.info\/index.php?rest_route=%2Fwp%2Fv2%2Fcategories&post=7608"},{"taxonomy":"post_tag","embeddable":true,"href":"https:\/\/anatem.info\/index.php?rest_route=%2Fwp%2Fv2%2Ftags&post=7608"}],"curies":[{"name":"wp","href":"https:\/\/api.w.org\/{rel}","templated":true}]}}