{"id":7611,"date":"2026-04-30T07:36:57","date_gmt":"2026-04-30T12:36:57","guid":{"rendered":"https:\/\/anatem.info\/?p=7611"},"modified":"2026-04-30T07:36:57","modified_gmt":"2026-04-30T12:36:57","slug":"maroc-etats-unis-des-relations-plus-solides-que-jamais","status":"publish","type":"post","link":"https:\/\/anatem.info\/?p=7611","title":{"rendered":"Maroc-Etats-Unis : Des relations plus solides que jamais"},"content":{"rendered":"\n<blockquote class=\"wp-block-quote is-layout-flow wp-block-quote-is-layout-flow\">\n<p>Le mois d&rsquo;avril, qui a vu de nouveaux pays (dont le Canada, la Suisse et l&rsquo;Autriche) se joindre \u00e0 ceux appuyant d\u00e9j\u00e0 la Souverainet\u00e9 du Maroc sur son Sahara, est en train de se terminer sur des \u00e9v\u00e9nements prouvant (si besoin en est) que les relations maroco-am\u00e9ricaines sont plus solides que jamais !<\/p>\n<\/blockquote>\n\n\n\n<p>Au Moment o\u00f9 l&rsquo;exercice militaire <strong>African Lion<\/strong> <strong>2026<\/strong>, le plus grand entra\u00eenement conjoint annuel du commandement am\u00e9ricain pour l&rsquo;Afrique (AFRICOM), va bon train au Sud Marocain, les Etats-Unis viennent de remercier Sa Majest\u00e9 le Roi Mohammed VI pour la Vision et le Leadership qui propulsent le partenariat de 250 ans, entre les deux pays, vers de nouveaux sommets.<\/p>\n\n\n\n<p>En effet, le Secr\u00e9taire d\u2019?tat Adjoint des ?tats-Unis, Christopher Landau, dans son intervention, lors d\u2019une conf\u00e9rence de presse \u00e0 l\u2019issue de sa rencontre, le 29 avril 2026 \u00e0 Rabat, avec le ministre des Affaires \u00e9trang\u00e8res, de la Coop\u00e9ration africaine et des Marocains r\u00e9sidant \u00e0 l\u2019\u00e9tranger, Nasser Bourita,  a remerci\u00e9 \u201c<em>le Pr\u00e9sident Donald Trump et Sa Majest\u00e9 le Roi Mohammed VI pour leur Vision et leur Leadership<\/em>\u201d, une \u201c<em>vision qui propulse notre partenariat de 250 ans vers de nouveaux sommets<\/em>\u201d.<\/p>\n\n\n\n<p>M. Landau a pr\u00e9cis\u00e9 qu&rsquo;<em>au cours des 250 derni\u00e8res ann\u00e9es, les ?tats-Unis et le Maroc ont partag\u00e9 une histoire commune en tant qu\u2019alli\u00e9s strat\u00e9giques et partenaires pr\u00e9cieux<\/em>\u201d.<\/p>\n\n\n\n<p>Le diplomate am\u00e9ricain a relev\u00e9 que les ?tats-Unis poss\u00e8dent \u201c<em>le plus ancien b\u00e2timent diplomatique au monde \u00e0 Tanger et le plus r\u00e9cent ouvrira ses portes le 30 avril 2026 \u00e0 Casablanca<\/em>\u201d. \u201c<em>Voil\u00e0 \u00e0 quoi ressemblent un v\u00e9ritable engagement et une relation durable<\/em>\u201d, a-t-il soulign\u00e9. Et de conclure : \u201c<em>Le Maroc est un partenaire indispensable, stable et strat\u00e9gique en Afrique du Nord, sur le continent africain et sur la sc\u00e8ne internationale<\/em>\u201d.<\/p>\n\n\n\n<p>Lors de cette conf\u00e9rence de presse, le haut responsable am\u00e9ricain, apr\u00e8s avoir r\u00e9it\u00e9r\u00e9 la reconnaissance am\u00e9ricaine de la souverainet\u00e9 du Maroc sur son Sahara, a tenu de souligner que son pays \u0153uvre dans le cadre de la r\u00e9solution 2797 du Conseil de S\u00e9curit\u00e9 \u00ab\u00a0<em>en vue de parvenir \u00e0 une solution pacifique \u00e0 ce conflit qui a persist\u00e9 pour une dur\u00e9e inacceptable\u201d, ajoutant que \u201ccette situation ne peut attendre encore 50, 150 ou 200 ans pour \u00eatre r\u00e9solue<\/em>\u201d.<\/p>\n\n\n\n<p>Lors de son passage \u00e0 Rabat, ce mercredi 29 avril 2026, M. Christopher Landau a \u00e9galement montr\u00e9 sa satisfaction de voir l\u2019alliance de son pays avec le Royaume du Maroc s\u2019\u00e9tendre \u00e0 l\u2019espace suite \u00e0 la signature par Rabat des Accords d\u2019Artemis.<\/p>\n\n\n\n<p>Rappelons que les Accords d\u2019Artemis sont un ensemble de principes internationaux visant \u00e0 encadrer l\u2019exploration spatiale civile de mani\u00e8re pacifique et collaborative. Ils encouragent la transparence entre les pays, le partage des donn\u00e9es scientifiques, l\u2019assistance mutuelle en cas de besoin et le respect du droit international existant, notamment pour l\u2019utilisation des ressources spatiales.<\/p>\n\n\n\n<p>\u201cLe Maroc est \u00e0 ce jour le 64\u00e8 pays \u00e0 signer ces accords, s\u2019engageant ainsi en faveur d\u2019une exploration et d\u2019une utilisation pacifiques de l\u2019espace\u201d, indique-t-on de m\u00eame source.<\/p>\n\n\n\n<p>Le ministre des Affaires \u00e9trang\u00e8res, de la Coop\u00e9ration africaine et des Marocains r\u00e9sidant \u00e0 l\u2019\u00e9tranger, Nasser Bourita, a sign\u00e9, mercredi au nom du Royaume du Maroc, les Accords d\u2019Artemis lors d\u2019une c\u00e9r\u00e9monie \u00e0 Rabat en pr\u00e9sence du sous-secr\u00e9taire d\u2019?tat am\u00e9ricain, Christopher Landau, et de l\u2019ambassadeur des ?tats-Unis au Maroc, Duke Buchan III, pr\u00e9cise le communiqu\u00e9 du D\u00e9partement d\u2019Etat.<\/p>\n\n\n\n<p>Les ?tats-Unis et sept autres pays ont adopt\u00e9, en 2020, les Accords d\u2019Art\u00e9mis afin d\u2019\u00e9tablir un ensemble de principes concrets destin\u00e9s \u00e0 encadrer une exploration spatiale responsable.<\/p>\n\n\n\n<p>Le Maroc se joint ainsi aux ?tats-Unis et \u00e0 62 autres nations pour r\u00e9affirmer les principes de ces accords en faveur d\u2019activit\u00e9s spatiales civiles durables, conclut le D\u00e9partement d\u2019Etat.<\/p>\n\n\n\n<p>La R\u00e9daction avec la MAP<\/p>\n","protected":false},"excerpt":{"rendered":"<p>Le mois d&rsquo;avril, qui a vu de nouveaux pays (dont le Canada, la Suisse et l&rsquo;Autriche) se joindre \u00e0 ceux<\/p>\n","protected":false},"author":2,"featured_media":7612,"comment_status":"closed","ping_status":"closed","sticky":false,"template":"","format":"standard","meta":{"footnotes":""},"categories":[3,62,5,7,8],"tags":[],"class_list":["post-7611","post","type-post","status-publish","format-standard","has-post-thumbnail","hentry","category-accueil","category-afrique","category-maghreb-news","category-presse-marocaine","category-provinces-du-sud"],"_links":{"self":[{"href":"https:\/\/anatem.info\/index.php?rest_route=\/wp\/v2\/posts\/7611","targetHints":{"allow":["GET"]}}],"collection":[{"href":"https:\/\/anatem.info\/index.php?rest_route=\/wp\/v2\/posts"}],"about":[{"href":"https:\/\/anatem.info\/index.php?rest_route=\/wp\/v2\/types\/post"}],"author":[{"embeddable":true,"href":"https:\/\/anatem.info\/index.php?rest_route=\/wp\/v2\/users\/2"}],"replies":[{"embeddable":true,"href":"https:\/\/anatem.info\/index.php?rest_route=%2Fwp%2Fv2%2Fcomments&post=7611"}],"version-history":[{"count":1,"href":"https:\/\/anatem.info\/index.php?rest_route=\/wp\/v2\/posts\/7611\/revisions"}],"predecessor-version":[{"id":7613,"href":"https:\/\/anatem.info\/index.php?rest_route=\/wp\/v2\/posts\/7611\/revisions\/7613"}],"wp:featuredmedia":[{"embeddable":true,"href":"https:\/\/anatem.info\/index.php?rest_route=\/wp\/v2\/media\/7612"}],"wp:attachment":[{"href":"https:\/\/anatem.info\/index.php?rest_route=%2Fwp%2Fv2%2Fmedia&parent=7611"}],"wp:term":[{"taxonomy":"category","embeddable":true,"href":"https:\/\/anatem.info\/index.php?rest_route=%2Fwp%2Fv2%2Fcategories&post=7611"},{"taxonomy":"post_tag","embeddable":true,"href":"https:\/\/anatem.info\/index.php?rest_route=%2Fwp%2Fv2%2Ftags&post=7611"}],"curies":[{"name":"wp","href":"https:\/\/api.w.org\/{rel}","templated":true}]}}