{"id":7762,"date":"2026-09-05T11:07:37","date_gmt":"2026-09-05T16:07:37","guid":{"rendered":"https:\/\/anatem.info\/?p=7762"},"modified":"2026-09-05T11:09:55","modified_gmt":"2026-09-05T16:09:55","slug":"7762","status":"publish","type":"post","link":"https:\/\/anatem.info\/?p=7762","title":{"rendered":"Le Danemark apporte son soutien au plan d&rsquo;autonomie marocain pour son Sahara"},"content":{"rendered":"\n<blockquote class=\"wp-block-quote is-layout-flow wp-block-quote-is-layout-flow\">\n<p class=\"wp-block-paragraph\"><strong>Copenhague s&rsquo;aligne formellement sur la dynamique europ\u00e9enne en qualifiant l&rsquo;initiative marocaine de \u00abcontribution s\u00e9rieuse et essentielle\u00bb au processus de paix de l&rsquo;ONU.<\/strong><\/p>\n<\/blockquote>\n\n\n\n<p class=\"wp-block-paragraph\">En effet, et \u00e0 l&rsquo;occasion d&rsquo;une visite de travail effectu\u00e9e, le 4 septembre 2026, dans la capitale danoise par le ministre marocain des Affaires \u00e9trang\u00e8res, Nasser Bourita, son homologue danois, Lars L?kke Rasmussen, a officiellement salu\u00e9 le plan d&rsquo;autonomie propos\u00e9 par Rabat, le qualifiant de <strong>\u00ab<\/strong> <em>bonne base pour une solution agr\u00e9\u00e9e par les parties<\/em> <strong>\u00bb<\/strong>.<\/p>\n\n\n\n<p class=\"wp-block-paragraph\">Dans cette d\u00e9claration, intervenue lors d&rsquo;un point de presse conjoint, le chef de la diplomatie danoise a insist\u00e9 sur le caract\u00e8re <strong>\u00ab cr\u00e9dible \u00bb<\/strong> de la proposition de Rabat, soulignant que celle-ci apporte une <em>\u00ab contribution s\u00e9rieuse et essentielle<\/em> <strong>\u00bb<\/strong> au processus politique men\u00e9 sous l&rsquo;\u00e9gide des Nations Unies.<\/p>\n\n\n\n<h2 class=\"wp-block-heading\"><strong>L&rsquo;\u00e9volution du prisme de l&rsquo;ONU : du r\u00e9f\u00e9rendum \u00e0 la solution politique<\/strong><\/h2>\n\n\n\n<p class=\"wp-block-paragraph\">Pour inscrire cette position dans le cadre multilat\u00e9ral, Lars L?kke Rasmussen a rappel\u00e9 que la posture de Copenhague s&rsquo;articule en stricte conformit\u00e9 avec les orientations de l&rsquo;Union europ\u00e9enne, saluant notamment l&rsquo;adoption de la <strong>r\u00e9solution 2797 du Conseil de s\u00e9curit\u00e9 des Nations Unies<\/strong>.<\/p>\n\n\n\n<p class=\"wp-block-paragraph\">Ce positionnement du Danemark rev\u00eat une importance strat\u00e9gique particuli\u00e8re alors que le pays si\u00e8ge actuellement comme membre \u00e9lu du Conseil de s\u00e9curit\u00e9 de l&rsquo;ONU.<\/p>\n\n\n\n<h2 class=\"wp-block-heading\"><strong>Les r\u00e9actions contrast\u00e9es des pays voisins<\/strong><\/h2>\n\n\n\n<p class=\"wp-block-paragraph\">L&rsquo;Alg\u00e9rie, principal soutien du Front Polisario, subit cette nouvelle inflexion europ\u00e9enne comme un revers diplomatique. Lors du vote de la r\u00e9solution 2797, Alger avait mat\u00e9rialis\u00e9 son d\u00e9saccord profond en refusant de participer au vote, d\u00e9non\u00e7ant des formulations jug\u00e9es trop unilat\u00e9rales et favorables aux th\u00e8ses de Rabat. Pour les autorit\u00e9s alg\u00e9riennes, l&rsquo;alignement successif des chancelleries europ\u00e9ennes sur la position marocaine fragilise le statut de \u00ab\u00a0territoire non autonome\u00a0\u00bb d\u00e9fendu par le Polisario, qui maintient sa demande d&rsquo;une ind\u00e9pendance totale.<\/p>\n\n\n\n<p class=\"wp-block-paragraph\">Quant \u00e0 la Mauritanie, elle continue d\u2019afficher \u00ab&nbsp;une posture de stricte neutralit\u00e9&nbsp;\u00bb, et ce, tout en restant attach\u00e9e au processus de paix onusien et aux r\u00e9solutions du Conseil de s\u00e9curit\u00e9. De ce fait, Nouakchott cherche avant tout \u00e0 pr\u00e9server ses \u00e9quilibres bilat\u00e9raux ainsi que la stabilit\u00e9 \u00e0 ses fronti\u00e8res.<\/p>\n\n\n\n<p class=\"wp-block-paragraph\">En effet, face \u00e0 la dynamique internationale actuelle, la Mauritanie \u00e9vite de s&rsquo;aligner sur l&rsquo;un ou l&rsquo;autre bloc afin de conserver son r\u00f4le de facilitateur discret dans la sous-r\u00e9gion.<\/p>\n\n\n\n<h2 class=\"wp-block-heading\"><strong>Une dynamique internationale renforc\u00e9e<\/strong><\/h2>\n\n\n\n<p class=\"wp-block-paragraph\">Il serait pertinent de souligner que cette nouvelle position danoise confirme l&rsquo;acc\u00e9l\u00e9ration de la dynamique internationale en faveur de la position marocaine; une trajectoire largement impuls\u00e9e par la diplomatie active de Rabat sous l&rsquo;\u00e9gide du Roi Mohammed VI.<\/p>\n\n\n\n<p class=\"wp-block-paragraph\">En rejoignant le concert des nations europ\u00e9ennes (\u00e0 l&rsquo;instar de l&rsquo;Espagne, de l&rsquo;Allemagne, de l&rsquo;Autriche ou de la France) qui consid\u00e8rent le plan d&rsquo;autonomie marocain comme \u2018<em>\u2019la voie la plus viable vers une issue n\u00e9goci\u00e9e\u2019\u2019<\/em> , le Danemark consolide le consensus occidental autour de la vision de Rabat.<\/p>\n\n\n\n<p class=\"wp-block-paragraph\">Par ailleurs, et au-del\u00e0 des d\u00e9clarations de principe, cette rencontre bilat\u00e9rale de haut niveau \u00e0 Copenhague illustre le renforcement des axes politiques et \u00e9conomiques entre le Maroc et les pays scandinaves, traditionnellement plus distants sur ce dossier g\u00e9opolitique majeur.<\/p>\n\n\n\n<p class=\"wp-block-paragraph\">Ali Mounir El Atlassi<\/p>\n","protected":false},"excerpt":{"rendered":"<p>Copenhague s&rsquo;aligne formellement sur la dynamique europ\u00e9enne en qualifiant l&rsquo;initiative marocaine de \u00abcontribution s\u00e9rieuse et essentielle\u00bb au processus de paix<\/p>\n","protected":false},"author":2,"featured_media":7763,"comment_status":"closed","ping_status":"closed","sticky":false,"template":"","format":"standard","meta":{"footnotes":""},"categories":[3,62,5,7,8],"tags":[],"class_list":["post-7762","post","type-post","status-publish","format-standard","has-post-thumbnail","hentry","category-accueil","category-afrique","category-maghreb-news","category-presse-marocaine","category-provinces-du-sud"],"_links":{"self":[{"href":"https:\/\/anatem.info\/index.php?rest_route=\/wp\/v2\/posts\/7762","targetHints":{"allow":["GET"]}}],"collection":[{"href":"https:\/\/anatem.info\/index.php?rest_route=\/wp\/v2\/posts"}],"about":[{"href":"https:\/\/anatem.info\/index.php?rest_route=\/wp\/v2\/types\/post"}],"author":[{"embeddable":true,"href":"https:\/\/anatem.info\/index.php?rest_route=\/wp\/v2\/users\/2"}],"replies":[{"embeddable":true,"href":"https:\/\/anatem.info\/index.php?rest_route=%2Fwp%2Fv2%2Fcomments&post=7762"}],"version-history":[{"count":4,"href":"https:\/\/anatem.info\/index.php?rest_route=\/wp\/v2\/posts\/7762\/revisions"}],"predecessor-version":[{"id":7767,"href":"https:\/\/anatem.info\/index.php?rest_route=\/wp\/v2\/posts\/7762\/revisions\/7767"}],"wp:featuredmedia":[{"embeddable":true,"href":"https:\/\/anatem.info\/index.php?rest_route=\/wp\/v2\/media\/7763"}],"wp:attachment":[{"href":"https:\/\/anatem.info\/index.php?rest_route=%2Fwp%2Fv2%2Fmedia&parent=7762"}],"wp:term":[{"taxonomy":"category","embeddable":true,"href":"https:\/\/anatem.info\/index.php?rest_route=%2Fwp%2Fv2%2Fcategories&post=7762"},{"taxonomy":"post_tag","embeddable":true,"href":"https:\/\/anatem.info\/index.php?rest_route=%2Fwp%2Fv2%2Ftags&post=7762"}],"curies":[{"name":"wp","href":"https:\/\/api.w.org\/{rel}","templated":true}]}}