{"id":783,"date":"2014-01-20T19:14:07","date_gmt":"2014-01-20T19:14:07","guid":{"rendered":"http:\/\/anatem.info\/?p=783"},"modified":"2014-01-20T19:14:07","modified_gmt":"2014-01-20T19:14:07","slug":"discours-de-sm-le-roi-la-cloture-marrakech-de-la-20eme-session-du-comite-al-qods","status":"publish","type":"post","link":"https:\/\/anatem.info\/?p=783","title":{"rendered":"Discours de SM le Roi \u00e0 la cl\u00f4ture \u00e0 Marrakech de la 20\u00e8me Session du Comit\u00e9 Al-Qods"},"content":{"rendered":"<p>Marrakech, 18 janv. 2014 (MAP) &#8211; SM le Roi Mohammed VI, Pr\u00e9sident du Comit\u00e9 Al-Qods, a prononc\u00e9 un discours \u00e0 la cl\u00f4ture, samedi \u00e0 Marrakech, de la 20\u00e8me session du Comit\u00e9 Al-Qods.<br \/>\nVoici le texte int\u00e9gral du discours Royal:<\/p>\n<p>\u00ab\u00a0Louange \u00e0 Dieu.<\/p>\n<p>Pri\u00e8re et salut sur le Proph\u00e8te, Sa famille et Ses compagnons.<br \/>\nExcellence, Notre fr\u00e8re, Monsieur Mahmoud Abbas, Pr\u00e9sident de l&rsquo;Autorit\u00e9 Nationale Palestinienne,<br \/>\nExcellence, Monsieur le Secr\u00e9taire g\u00e9n\u00e9ral de l&rsquo;Organisation de la Coop\u00e9ration Islamique,<\/p>\n<p>Altesses, Excellences,<\/p>\n<p>Je voudrais, au terme des travaux de la vingti\u00e8me session du Comit\u00e9 Al Qods, Me f\u00e9liciter des concertations constructives et des \u00e9changes fraternels, francs et sinc\u00e8res qui ont marqu\u00e9 nos r\u00e9unions.<br \/>\nJe tiens \u00e9galement \u00e0 assurer de Ma grande estime tous les membres du Comit\u00e9 pour tout ce qu&rsquo;ils ont exprim\u00e9, \u00e0 travers la D\u00e9claration finale, en termes d&rsquo;attachement \u00e0 la pr\u00e9servation d&rsquo;Al Qods Al Charif et de forte mobilisation pour le triomphe de la juste cause du peuple palestinien fr\u00e8re.<\/p>\n<p>Mais pour parvenir \u00e0 cet objectif ultime, il est imp\u00e9ratif de resserrer les rangs, d&rsquo;agir avec efficacit\u00e9 et de faire preuve de maximum de solidarit\u00e9 et d&rsquo;engagement.<\/p>\n<p>C&rsquo;est un devoir auquel Nous sommes particuli\u00e8rement attach\u00e9 en tant que Pr\u00e9sident du Comit\u00e9 Al Qods, fid\u00e8le en cela, \u00e0 l&rsquo;engagement que Nous avons souscrit aupr\u00e8s de nos fr\u00e8res palestiniens et de leur Autorit\u00e9 Nationale l\u00e9gale, sous la pr\u00e9sidence de notre fr\u00e8re Abou Mazen. Cet engagement nous commande de poursuivre les efforts de soutien \u00e0 leur r\u00e9sistance, et d&rsquo;aller de l&rsquo;avant dans le processus de paix, dont le point nodal tient au r\u00e8glement \u00e9quitable de la question d&rsquo;Al Qods Al Charif.<\/p>\n<p>Le chemin de la paix est long et ardu. Il exige des sacrifices \u00e9normes de la part de toutes les parties, et commande de faire preuve d&rsquo;un esprit de consensus et de r\u00e9alisme. Il requiert \u00e9galement le courage n\u00e9cessaire pour prendre des d\u00e9cisions difficiles et d\u00e9terminantes o\u00f9 la logique de la raison, de la sagesse, de l&rsquo;esp\u00e9rance et de la vie, l&#8217;emporte sur les d\u00e9mons de la haine, de l&rsquo;extr\u00e9misme, du d\u00e9sespoir et de l&rsquo;agression, et ce, dans l&rsquo;int\u00e9r\u00eat bien compris des peuples de la r\u00e9gion.<\/p>\n<p>Par cons\u00e9quent, notre r\u00e9union aujourd&rsquo;hui constitue un message au monde indiquant que nous sommes une nation attach\u00e9e \u00e0 la paix et \u00e0 l&rsquo;alliance des civilisations et des cultures.<\/p>\n<p>Notre attachement \u00e0 l&rsquo;identit\u00e9 d&rsquo;Al Qods ne s&rsquo;explique pas seulement par le fait qu&rsquo;il s&rsquo;agit de la premi\u00e8re des Qiblas et du troisi\u00e8me Lieu Saint, mais \u00e9galement par la n\u00e9cessit\u00e9 que cette cit\u00e9 demeure ce qu&rsquo;elle a toujours \u00e9t\u00e9 : un symbole du monoth\u00e9isme des religions c\u00e9lestes et un espace de coexistence entre ses populations dans un climat de paix et de concorde.<\/p>\n<p>Wassalamou ala\u00efkoum wa rahmatoullahi wa barakatouh\u00a0\u00bb. (MAP).<\/p>\n","protected":false},"excerpt":{"rendered":"<p>Marrakech, 18 janv. 2014 (MAP) &#8211; SM le Roi Mohammed VI, Pr\u00e9sident du Comit\u00e9 Al-Qods, a prononc\u00e9 un discours \u00e0<\/p>\n","protected":false},"author":2,"featured_media":0,"comment_status":"closed","ping_status":"closed","sticky":false,"template":"","format":"standard","meta":{"footnotes":""},"categories":[3,5],"tags":[],"class_list":["post-783","post","type-post","status-publish","format-standard","hentry","category-accueil","category-maghreb-news"],"_links":{"self":[{"href":"https:\/\/anatem.info\/index.php?rest_route=\/wp\/v2\/posts\/783","targetHints":{"allow":["GET"]}}],"collection":[{"href":"https:\/\/anatem.info\/index.php?rest_route=\/wp\/v2\/posts"}],"about":[{"href":"https:\/\/anatem.info\/index.php?rest_route=\/wp\/v2\/types\/post"}],"author":[{"embeddable":true,"href":"https:\/\/anatem.info\/index.php?rest_route=\/wp\/v2\/users\/2"}],"replies":[{"embeddable":true,"href":"https:\/\/anatem.info\/index.php?rest_route=%2Fwp%2Fv2%2Fcomments&post=783"}],"version-history":[{"count":1,"href":"https:\/\/anatem.info\/index.php?rest_route=\/wp\/v2\/posts\/783\/revisions"}],"predecessor-version":[{"id":786,"href":"https:\/\/anatem.info\/index.php?rest_route=\/wp\/v2\/posts\/783\/revisions\/786"}],"wp:attachment":[{"href":"https:\/\/anatem.info\/index.php?rest_route=%2Fwp%2Fv2%2Fmedia&parent=783"}],"wp:term":[{"taxonomy":"category","embeddable":true,"href":"https:\/\/anatem.info\/index.php?rest_route=%2Fwp%2Fv2%2Fcategories&post=783"},{"taxonomy":"post_tag","embeddable":true,"href":"https:\/\/anatem.info\/index.php?rest_route=%2Fwp%2Fv2%2Ftags&post=783"}],"curies":[{"name":"wp","href":"https:\/\/api.w.org\/{rel}","templated":true}]}}