{"id":843,"date":"2014-02-10T19:08:57","date_gmt":"2014-02-10T19:08:57","guid":{"rendered":"http:\/\/anatem.info\/?p=843"},"modified":"2014-02-10T19:08:57","modified_gmt":"2014-02-10T19:08:57","slug":"accueil-lambassadeur-de-tunisie-au-maroc-predit-une-evolution-en-douceur-du-processus-de-transition-democratique-dans-son-pays-apres-ladoption-de-la-constitution","status":"publish","type":"post","link":"https:\/\/anatem.info\/?p=843","title":{"rendered":"Accueil L\u2019ambassadeur de Tunisie au Maroc pr\u00e9dit une \u00e9volution en douceur du processus de transition d\u00e9mocratique dans son pays apr\u00e8s l\u2019adoption de la Constitution"},"content":{"rendered":"<p>Rabat, 07 f\u00e9vr. 2014 (MAP) &#8211; L\u2019ambassadeur de Tunisie au Maroc, Chafik Hajji a pr\u00e9dit une \u00e9volution en douceur du processus de transition d\u00e9mocratique dans son pays apr\u00e8s le consensus ayant marqu\u00e9 l\u2019adoption de la premi\u00e8re constitution de la Tunisie post-r\u00e9volution.<\/p>\n<p>Dans une d\u00e9claration \u00e0 la MAP \u00e0 l\u2019occasion de la c\u00e9l\u00e9bration par la Tunisie de l\u2019\u00e9v\u00e9nement de l\u2019adoption de la Loi supr\u00eame, le diplomate a indiqu\u00e9 \u00a0\u00bbs&rsquo;attendre \u00e0 une \u00e9volution en douceur du processus d\u00e9mocratique apr\u00e8s l\u2019adoption de la Constitution, marqu\u00e9e par un esprit de consensus\u2019\u2019, estimant que son pays \u2018\u2019sera plus sable\u2019\u2019 apr\u00e8s la tenue des prochaines \u00e9lections.<\/p>\n<p>Il est \u2018\u2019d\u00e9sormais impossible que le pays soit gouvern\u00e9 par un seul parti ou dirig\u00e9 par une dictature\u2019\u2019, a affirm\u00e9 M. Hajji, faisant observer que tous \u2018\u2019les indices sont positifs et prometteurs\u2019\u2019 quant au parach\u00e8vement des institutions de l\u2019Etat de droit, la transition en douceur du processus d\u00e9mocratique, et la r\u00e9alisation des objectifs de la r\u00e9volution.<\/p>\n<p>Selon le diplomate tunisien l\u2019adoption de la Constitution est le fruit d\u2019un processus difficile, compte tenu des entraves \u00e0 caract\u00e8res \u00e9conomique, social et s\u00e9curitaire ayant marqu\u00e9 la phase transitoire. Toutefois, a-t-il poursuivi, \u2018\u2019l\u2019intelligence des Tunisiens et l\u2019esprit de consensus qui a pr\u00e9valu chez les acteurs politiques avec le soutien des organisations nationales tunisiennes et la soci\u00e9t\u00e9 civile qui a jou\u00e9 un r\u00f4le primordial dans le succ\u00e8s des n\u00e9gociations\u2019\u2019 sont autant de facteurs ayant contribu\u00e9 \u00e0 surmonter les difficult\u00e9s et aboutir \u00e0 l\u2019adoption de ce texte.<\/p>\n<p>\u2018\u2019L\u2019adoption d\u2019une nouvelle Constitution marque la fondation de la deuxi\u00e8me r\u00e9publique en Tunisie et constitue un moment historique dans l\u2019histoire du pays\u2019\u2019, a-t-il assur\u00e9.<\/p>\n<p>Evoquant les d\u00e9fis auxquels est confront\u00e9e la Tunisie, M. Hajji a indiqu\u00e9 que l&rsquo;Assembl\u00e9e nationale constituante (ANC) \u0153uvre en vue de pr\u00e9parer la loi \u00e9lectorale pour porter \u00e0 terme la phase de transition, alors que la Haute commission pour les \u00e9lections veillera sur le d\u00e9roulement d\u2019\u00e9lections libres et transparentes.<\/p>\n<p>La Tunisie est appel\u00e9e \u00e0 relever \u00e9galement d&rsquo;autres d\u00e9fis notamment s\u00e9curitaires et \u00e9conomiques, a indiqu\u00e9 le diplomate qui s\u2019est attard\u00e9 en particulier sur la question des investissements reconnaissant que son pays est confront\u00e9 \u00e0 des difficult\u00e9s \u00e0 cause du d\u00e9part, au lendemain de la r\u00e9volution, de plusieurs soci\u00e9t\u00e9s \u00e9trang\u00e8res et le gel des investissements \u00e9trangers.<\/p>\n<p>\u2018\u2019Nous avons constat\u00e9 les pr\u00e9mices d\u2019un retour de l\u2019investissement \u00e9tranger en Tunisie apr\u00e8s la formation du nouveau gouvernement, ce qui aura un impact positif sur l\u2019\u00e9conomie du pays\u2019\u2019, a-t-il dit, faisant observer que les difficult\u00e9s qu\u2019a connues le pays apr\u00e8s la r\u00e9volution n\u2019ont eu qu\u2019un\u2019\u2019l\u00e9ger impact n\u00e9gatif\u2019\u2019 sur le secteur du tourisme.<\/p>\n<p>Le nombre des touristes ayant visit\u00e9 en 2013 la Tunisie s\u2019est \u00e9lev\u00e9 \u00e0 6.400.000 contre 7 millions en 2010 (avant la r\u00e9volution), a-t-il expliqu\u00e9, formant le souhait que l\u2019activit\u00e9 dans le secteur touristique reprenne son cours normal d\u2019ici l\u2019\u00e9t\u00e9 prochain.<\/p>\n","protected":false},"excerpt":{"rendered":"<p>Rabat, 07 f\u00e9vr. 2014 (MAP) &#8211; L\u2019ambassadeur de Tunisie au Maroc, Chafik Hajji a pr\u00e9dit une \u00e9volution en douceur du<\/p>\n","protected":false},"author":2,"featured_media":0,"comment_status":"closed","ping_status":"closed","sticky":false,"template":"","format":"standard","meta":{"footnotes":""},"categories":[3,7],"tags":[],"class_list":["post-843","post","type-post","status-publish","format-standard","hentry","category-accueil","category-presse-marocaine"],"_links":{"self":[{"href":"https:\/\/anatem.info\/index.php?rest_route=\/wp\/v2\/posts\/843","targetHints":{"allow":["GET"]}}],"collection":[{"href":"https:\/\/anatem.info\/index.php?rest_route=\/wp\/v2\/posts"}],"about":[{"href":"https:\/\/anatem.info\/index.php?rest_route=\/wp\/v2\/types\/post"}],"author":[{"embeddable":true,"href":"https:\/\/anatem.info\/index.php?rest_route=\/wp\/v2\/users\/2"}],"replies":[{"embeddable":true,"href":"https:\/\/anatem.info\/index.php?rest_route=%2Fwp%2Fv2%2Fcomments&post=843"}],"version-history":[{"count":1,"href":"https:\/\/anatem.info\/index.php?rest_route=\/wp\/v2\/posts\/843\/revisions"}],"predecessor-version":[{"id":844,"href":"https:\/\/anatem.info\/index.php?rest_route=\/wp\/v2\/posts\/843\/revisions\/844"}],"wp:attachment":[{"href":"https:\/\/anatem.info\/index.php?rest_route=%2Fwp%2Fv2%2Fmedia&parent=843"}],"wp:term":[{"taxonomy":"category","embeddable":true,"href":"https:\/\/anatem.info\/index.php?rest_route=%2Fwp%2Fv2%2Fcategories&post=843"},{"taxonomy":"post_tag","embeddable":true,"href":"https:\/\/anatem.info\/index.php?rest_route=%2Fwp%2Fv2%2Ftags&post=843"}],"curies":[{"name":"wp","href":"https:\/\/api.w.org\/{rel}","templated":true}]}}